{"id":54595,"date":"2022-05-13T16:15:03","date_gmt":"2022-05-13T19:15:03","guid":{"rendered":"https:\/\/www.centraldenoticias.com.ar\/?p=54595"},"modified":"2022-05-13T16:15:03","modified_gmt":"2022-05-13T19:15:03","slug":"ioma-garantizara-atencion-odontologica-sin-cobro-de-coseguro","status":"publish","type":"post","link":"https:\/\/cdnoticias.com\/index.php\/2022\/05\/13\/ioma-garantizara-atencion-odontologica-sin-cobro-de-coseguro\/","title":{"rendered":"IOMA garantizar\u00e1 atenci\u00f3n odontol\u00f3gica sin cobro de coseguro \u00a0"},"content":{"rendered":"<p>Este viernes se firm\u00f3 un convenio directo con el C\u00edrculo Odontol\u00f3gico Olavarr\u00eda. Comenzar\u00e1 a regir desde el pr\u00f3ximo lunes 16 de mayo.<!--more--><\/p>\n<hr \/>\n<p>Durante la jornada de este viernes la directora Regional del Instituto de Obra M\u00e9dico Asistencial de la Provincia de Buenos Aires (I.O.M.A), Celeste Irigoyemborde y la presidenta del Circulo Odontol\u00f3gico Olavarr\u00eda presidenta Mar\u00eda Jos\u00e9 Fern\u00e1ndez Capitanich, concretaron el acuerdo.<\/p>\n<p>&nbsp;<\/p>\n<p>Se trata de un <strong>convenio directo entre el C\u00edrculo Odontol\u00f3gico e IOMA<\/strong> para el Partido de Olavarr\u00eda, comenzar\u00e1 a regir desde el d\u00eda lunes 16 de mayo. Los afiliados y las afiliadas podr\u00e1n acceder a atenci\u00f3n odontol\u00f3gica sin abonar ning\u00fan coseguro.<\/p>\n<p>&nbsp;<\/p>\n<p>Tanto el organismo como el C\u00edrculo Odontol\u00f3gico Olavarr\u00eda ser\u00e1n quienes publiquen el <strong>listado completo de profesionales adheridos<\/strong> al convenio. Destacaron que \u201cel compromiso busca promover la accesibilidad, la continuidad y la prevenci\u00f3n de su salud, mediante un enfoque integrado y centrado en el paciente, garantiz\u00e1ndose la no percepci\u00f3n de suma alguna en car\u00e1cter de copago, arancel diferenciado o cualquier otro monto a cargo del afiliado\u201d.<\/p>\n<p>&nbsp;<\/p>\n<p>Para consultas podr\u00e1n acercarse a la delegaci\u00f3n de IOMA, Independencia 2903, tel\u00e9fono 443037 o la sede del Circulo Odontol\u00f3gico Olavarr\u00eda, San Mart\u00edn 3218, tel\u00e9fono 445591.<\/p>\n","protected":false},"excerpt":{"rendered":"<p>Este viernes se firm\u00f3 un convenio directo con el C\u00edrculo Odontol\u00f3gico Olavarr\u00eda. Comenzar\u00e1 a regir desde el pr\u00f3ximo lunes 16<\/p>\n","protected":false},"author":5,"featured_media":54596,"comment_status":"closed","ping_status":"closed","sticky":false,"template":"","format":"standard","meta":{"_jetpack_memberships_contains_paid_content":false,"footnotes":""},"categories":[5,1],"tags":[],"class_list":["post-54595","post","type-post","status-publish","format-standard","has-post-thumbnail","hentry","category-informacion-general","category-portada"],"jetpack_featured_media_url":"https:\/\/i0.wp.com\/cdnoticias.com\/wp-content\/uploads\/2022\/05\/WhatsApp-Image-2022-05-13-at-1.15.19-PM.jpeg?fit=1280%2C768&ssl=1","jetpack_sharing_enabled":true,"_links":{"self":[{"href":"https:\/\/cdnoticias.com\/index.php\/wp-json\/wp\/v2\/posts\/54595","targetHints":{"allow":["GET"]}}],"collection":[{"href":"https:\/\/cdnoticias.com\/index.php\/wp-json\/wp\/v2\/posts"}],"about":[{"href":"https:\/\/cdnoticias.com\/index.php\/wp-json\/wp\/v2\/types\/post"}],"author":[{"embeddable":true,"href":"https:\/\/cdnoticias.com\/index.php\/wp-json\/wp\/v2\/users\/5"}],"replies":[{"embeddable":true,"href":"https:\/\/cdnoticias.com\/index.php\/wp-json\/wp\/v2\/comments?post=54595"}],"version-history":[{"count":0,"href":"https:\/\/cdnoticias.com\/index.php\/wp-json\/wp\/v2\/posts\/54595\/revisions"}],"wp:featuredmedia":[{"embeddable":true,"href":"https:\/\/cdnoticias.com\/index.php\/wp-json\/wp\/v2\/media\/54596"}],"wp:attachment":[{"href":"https:\/\/cdnoticias.com\/index.php\/wp-json\/wp\/v2\/media?parent=54595"}],"wp:term":[{"taxonomy":"category","embeddable":true,"href":"https:\/\/cdnoticias.com\/index.php\/wp-json\/wp\/v2\/categories?post=54595"},{"taxonomy":"post_tag","embeddable":true,"href":"https:\/\/cdnoticias.com\/index.php\/wp-json\/wp\/v2\/tags?post=54595"}],"curies":[{"name":"wp","href":"https:\/\/api.w.org\/{rel}","templated":true}]}}