{"id":54548,"date":"2022-05-13T08:11:01","date_gmt":"2022-05-13T11:11:01","guid":{"rendered":"https:\/\/www.centraldenoticias.com.ar\/?p=54548"},"modified":"2022-05-13T08:11:01","modified_gmt":"2022-05-13T11:11:01","slug":"carlos-manuel-melo-carlitos-q-e-p-d","status":"publish","type":"post","link":"https:\/\/cdnoticias.com\/index.php\/2022\/05\/13\/carlos-manuel-melo-carlitos-q-e-p-d\/","title":{"rendered":"Carlos Manuel Melo \u201cCarlitos\u201d (Q.E.P.D.)"},"content":{"rendered":"<p>Falleci\u00f3 en Buenos Aires el 12 de mayo de 2022 a los 71 a\u00f1os de edad. Su esposa Alicia D\u00edaz; sus hijos Carolina, Viviana y Juan Martin Melo; sus hijos pol\u00edticos Cecilia Ruppel y Martin Proia; sus nietos Tomas, Fiamma, Martina, Bautista, Mia, Felipe, Sim\u00f3n, Cata; su nieto pol\u00edtico Joel; su bisnieto Fausto; su hermana pol\u00edtica Mabel D\u00edaz; sus hermanas Blanca, Mabel, Irma, Mirta, Alicia y Marcela; sus sobrinos; sus sobrinos pol\u00edticos y dem\u00e1s deudos participan su fallecimiento.<\/p>\n<p>&nbsp;<\/p>\n<p>Sus restos son velados en Espa\u00f1a 2942 departamento &#8220;C&#8221; e inhumados en el cementerio Loma de Paz este viernes 13 de mayo a las 11:30. Vecino de Barrio Villa Floresta. Nacido en Olavarr\u00eda. Jubilado de Coopelectric.<\/p>\n","protected":false},"excerpt":{"rendered":"<p>Falleci\u00f3 en Buenos Aires el 12 de mayo de 2022 a los 71 a\u00f1os de edad. Su esposa Alicia D\u00edaz;<\/p>\n","protected":false},"author":5,"featured_media":51544,"comment_status":"closed","ping_status":"closed","sticky":false,"template":"","format":"standard","meta":{"_jetpack_memberships_contains_paid_content":false,"footnotes":""},"categories":[10],"tags":[],"class_list":["post-54548","post","type-post","status-publish","format-standard","has-post-thumbnail","hentry","category-necrologicas"],"jetpack_featured_media_url":"https:\/\/i0.wp.com\/cdnoticias.com\/wp-content\/uploads\/2022\/04\/necrologicas-390-x-240.jpg?fit=390%2C240&ssl=1","jetpack_sharing_enabled":true,"_links":{"self":[{"href":"https:\/\/cdnoticias.com\/index.php\/wp-json\/wp\/v2\/posts\/54548","targetHints":{"allow":["GET"]}}],"collection":[{"href":"https:\/\/cdnoticias.com\/index.php\/wp-json\/wp\/v2\/posts"}],"about":[{"href":"https:\/\/cdnoticias.com\/index.php\/wp-json\/wp\/v2\/types\/post"}],"author":[{"embeddable":true,"href":"https:\/\/cdnoticias.com\/index.php\/wp-json\/wp\/v2\/users\/5"}],"replies":[{"embeddable":true,"href":"https:\/\/cdnoticias.com\/index.php\/wp-json\/wp\/v2\/comments?post=54548"}],"version-history":[{"count":0,"href":"https:\/\/cdnoticias.com\/index.php\/wp-json\/wp\/v2\/posts\/54548\/revisions"}],"wp:featuredmedia":[{"embeddable":true,"href":"https:\/\/cdnoticias.com\/index.php\/wp-json\/wp\/v2\/media\/51544"}],"wp:attachment":[{"href":"https:\/\/cdnoticias.com\/index.php\/wp-json\/wp\/v2\/media?parent=54548"}],"wp:term":[{"taxonomy":"category","embeddable":true,"href":"https:\/\/cdnoticias.com\/index.php\/wp-json\/wp\/v2\/categories?post=54548"},{"taxonomy":"post_tag","embeddable":true,"href":"https:\/\/cdnoticias.com\/index.php\/wp-json\/wp\/v2\/tags?post=54548"}],"curies":[{"name":"wp","href":"https:\/\/api.w.org\/{rel}","templated":true}]}}