{"id":54540,"date":"2022-05-13T07:52:56","date_gmt":"2022-05-13T10:52:56","guid":{"rendered":"https:\/\/www.centraldenoticias.com.ar\/?p=54540"},"modified":"2022-05-13T07:52:56","modified_gmt":"2022-05-13T10:52:56","slug":"amelia-esther-marino-de-blanco-titi-q-e-p-d","status":"publish","type":"post","link":"https:\/\/cdnoticias.com\/index.php\/2022\/05\/13\/amelia-esther-marino-de-blanco-titi-q-e-p-d\/","title":{"rendered":"Amelia Esther Marino de Blanco \u201cTiti\u201d (Q.E.P.D.)"},"content":{"rendered":"<p>Falleci\u00f3 en Olavarr\u00eda el 12 de mayo de 2022 a los 85 a\u00f1os de edad. Su esposo Ar\u00edstides Le\u00f3n Blanco; sus hijas Rosana M. y Mar\u00eda Alejandra Blanco; sus hijos pol\u00edticos Jorge Botta y Julio Cesar Ramondelli; sus nietos Santiago, Ferm\u00edn y Emilia Botta; sus nietos pol\u00edticos Renata Guazzelli y Genaro Minatta y dem\u00e1s deudos participan su fallecimiento.<\/p>\n<p>&nbsp;<\/p>\n<p>Sus restos ser\u00e1n velados en sala de Espa\u00f1a 2942 departamento &#8220;C&#8221; (el velatorio comienza 12:30 y finaliza 17:30) y ser\u00e1n cremados en crematorio Pinos de Paz en d\u00eda y horario a confirmar. Vecina de Barrio San Vicente. Nacida en Olavarr\u00eda. Docente Jubilada.<\/p>\n","protected":false},"excerpt":{"rendered":"<p>Falleci\u00f3 en Olavarr\u00eda el 12 de mayo de 2022 a los 85 a\u00f1os de edad. Su esposo Ar\u00edstides Le\u00f3n Blanco;<\/p>\n","protected":false},"author":5,"featured_media":51544,"comment_status":"closed","ping_status":"closed","sticky":false,"template":"","format":"standard","meta":{"_jetpack_memberships_contains_paid_content":false,"footnotes":""},"categories":[10],"tags":[],"class_list":["post-54540","post","type-post","status-publish","format-standard","has-post-thumbnail","hentry","category-necrologicas"],"jetpack_featured_media_url":"https:\/\/i0.wp.com\/cdnoticias.com\/wp-content\/uploads\/2022\/04\/necrologicas-390-x-240.jpg?fit=390%2C240&ssl=1","jetpack_sharing_enabled":true,"_links":{"self":[{"href":"https:\/\/cdnoticias.com\/index.php\/wp-json\/wp\/v2\/posts\/54540","targetHints":{"allow":["GET"]}}],"collection":[{"href":"https:\/\/cdnoticias.com\/index.php\/wp-json\/wp\/v2\/posts"}],"about":[{"href":"https:\/\/cdnoticias.com\/index.php\/wp-json\/wp\/v2\/types\/post"}],"author":[{"embeddable":true,"href":"https:\/\/cdnoticias.com\/index.php\/wp-json\/wp\/v2\/users\/5"}],"replies":[{"embeddable":true,"href":"https:\/\/cdnoticias.com\/index.php\/wp-json\/wp\/v2\/comments?post=54540"}],"version-history":[{"count":0,"href":"https:\/\/cdnoticias.com\/index.php\/wp-json\/wp\/v2\/posts\/54540\/revisions"}],"wp:featuredmedia":[{"embeddable":true,"href":"https:\/\/cdnoticias.com\/index.php\/wp-json\/wp\/v2\/media\/51544"}],"wp:attachment":[{"href":"https:\/\/cdnoticias.com\/index.php\/wp-json\/wp\/v2\/media?parent=54540"}],"wp:term":[{"taxonomy":"category","embeddable":true,"href":"https:\/\/cdnoticias.com\/index.php\/wp-json\/wp\/v2\/categories?post=54540"},{"taxonomy":"post_tag","embeddable":true,"href":"https:\/\/cdnoticias.com\/index.php\/wp-json\/wp\/v2\/tags?post=54540"}],"curies":[{"name":"wp","href":"https:\/\/api.w.org\/{rel}","templated":true}]}}