{"id":54520,"date":"2022-05-12T19:18:33","date_gmt":"2022-05-12T22:18:33","guid":{"rendered":"https:\/\/www.centraldenoticias.com.ar\/?p=54520"},"modified":"2022-05-12T19:20:03","modified_gmt":"2022-05-12T22:20:03","slug":"concejales-del-foro-olavarria-fr-visitaron-el-taller-avenida","status":"publish","type":"post","link":"https:\/\/cdnoticias.com\/index.php\/2022\/05\/12\/concejales-del-foro-olavarria-fr-visitaron-el-taller-avenida\/","title":{"rendered":"Concejales del Foro Olavarr\u00eda &#8211; FR visitaron el Taller Avenida"},"content":{"rendered":"<p>El acercamiento se da en el marco de una serie de reuniones que Eduardo Rodr\u00edguez, In\u00e9s Creimer y Gast\u00f3n Sarachu est\u00e1n llevando a cabo con distintas instituciones, empresas y comercios de la ciudad.<br \/>\n<!--more--><\/p>\n<hr \/>\n<p>&nbsp;<\/p>\n<p>Este pasado mi\u00e9rcoles, <strong>la concejala In\u00e9s Creimer y el concejal Gast\u00f3n Sarachu<\/strong> del bloque Foro Olavarr\u00eda &#8211; Frente Renovador, en el interbloque Frente de Todos, junto a Sergio Feoli, Subdelegado de la Comisi\u00f3n Nacional de Regulaci\u00f3n del Transporte (CNRT) Olavarr\u00eda, <strong>visitaron el Taller Avenida de Carlos Zimmerman.<\/strong> El acercamiento se da en el marco de una serie de reuniones que Eduardo Rodr\u00edguez, In\u00e9s Creimer y Gast\u00f3n Sarachu est\u00e1n llevando a cabo con distintas instituciones, empresas y comercios de la ciudad.<\/p>\n<p>&nbsp;<\/p>\n<p>Los<strong> referentes fueron recibidos por Carlos Zimmerman,<\/strong> titular de la empresa, quien fue el gu\u00eda en el recorrido por las instalaciones <strong>ubicadas en avenida Alberdi y Necochea.<\/strong><\/p>\n<p>&nbsp;<\/p>\n<p><strong>Desde el bloque Foro Olavarr\u00eda &#8211; Frente Renovador<\/strong> destacaron \u201cla importancia de construir redes con empresas como Taller Avenida, la cual con su extensa actividad sostenida en el tiempo, genera varios puestos de trabajo y calidad en sus productos y servicios\u201d.<\/p>\n<p>&nbsp;<\/p>\n<p><strong>El concejal Sarachu<\/strong> especific\u00f3 que \u201ces muy beneficioso para Olavarr\u00eda contar con un taller de estas caracter\u00edsticas, que recibe veh\u00edculos de grandes empresas de todo el pa\u00eds, y le da a la ciudad un papel importante en el \u00e1mbito del transporte. Este tipo de empresas, que ayudan al crecimiento de la ciudad, propone el desaf\u00edo de generar conocimiento de calidad y mano de obra calificada dentro del Partido&#8221;.<\/p>\n<p>&nbsp;<\/p>\n<p>Por su parte,<strong> el Subdelegado de CNRT Olavarr\u00eda, Sergio Feoli,<\/strong> se\u00f1al\u00f3 que \u201ces fundamental que el distrito de Olavarr\u00eda cuente con este tipo de emprendimientos, ya que se trata de un territorio altamente signado por el transporte y la log\u00edstica\u201d.<\/p>\n","protected":false},"excerpt":{"rendered":"<p>El acercamiento se da en el marco de una serie de reuniones que Eduardo Rodr\u00edguez, In\u00e9s Creimer y Gast\u00f3n Sarachu<\/p>\n","protected":false},"author":6,"featured_media":54521,"comment_status":"closed","ping_status":"closed","sticky":false,"template":"","format":"standard","meta":{"_jetpack_memberships_contains_paid_content":false,"footnotes":""},"categories":[5,1],"tags":[],"class_list":["post-54520","post","type-post","status-publish","format-standard","has-post-thumbnail","hentry","category-informacion-general","category-portada"],"jetpack_featured_media_url":"https:\/\/i0.wp.com\/cdnoticias.com\/wp-content\/uploads\/2022\/05\/Foro-FR-Taller-Zimmerman.jpeg?fit=800%2C500&ssl=1","jetpack_sharing_enabled":true,"_links":{"self":[{"href":"https:\/\/cdnoticias.com\/index.php\/wp-json\/wp\/v2\/posts\/54520","targetHints":{"allow":["GET"]}}],"collection":[{"href":"https:\/\/cdnoticias.com\/index.php\/wp-json\/wp\/v2\/posts"}],"about":[{"href":"https:\/\/cdnoticias.com\/index.php\/wp-json\/wp\/v2\/types\/post"}],"author":[{"embeddable":true,"href":"https:\/\/cdnoticias.com\/index.php\/wp-json\/wp\/v2\/users\/6"}],"replies":[{"embeddable":true,"href":"https:\/\/cdnoticias.com\/index.php\/wp-json\/wp\/v2\/comments?post=54520"}],"version-history":[{"count":0,"href":"https:\/\/cdnoticias.com\/index.php\/wp-json\/wp\/v2\/posts\/54520\/revisions"}],"wp:featuredmedia":[{"embeddable":true,"href":"https:\/\/cdnoticias.com\/index.php\/wp-json\/wp\/v2\/media\/54521"}],"wp:attachment":[{"href":"https:\/\/cdnoticias.com\/index.php\/wp-json\/wp\/v2\/media?parent=54520"}],"wp:term":[{"taxonomy":"category","embeddable":true,"href":"https:\/\/cdnoticias.com\/index.php\/wp-json\/wp\/v2\/categories?post=54520"},{"taxonomy":"post_tag","embeddable":true,"href":"https:\/\/cdnoticias.com\/index.php\/wp-json\/wp\/v2\/tags?post=54520"}],"curies":[{"name":"wp","href":"https:\/\/api.w.org\/{rel}","templated":true}]}}