{"id":54513,"date":"2022-05-12T19:29:13","date_gmt":"2022-05-12T22:29:13","guid":{"rendered":"https:\/\/www.centraldenoticias.com.ar\/?p=54513"},"modified":"2022-05-12T19:29:35","modified_gmt":"2022-05-12T22:29:35","slug":"este-domingo-habra-un-eclipse-total-de-luna-donde-podes-verlo","status":"publish","type":"post","link":"https:\/\/cdnoticias.com\/index.php\/2022\/05\/12\/este-domingo-habra-un-eclipse-total-de-luna-donde-podes-verlo\/","title":{"rendered":"Este domingo habr\u00e1 un eclipse total de luna: d\u00f3nde podes verlo"},"content":{"rendered":"<p>El Museo de Ciencias invita a la comunidad a observarlo desde la terraza del espacio, donde se colocar\u00e1n telescopios. Adem\u00e1s, se realizar\u00e1 una charla previa para comprender el fen\u00f3meno.<!--more--><\/p>\n<hr \/>\n<p>&nbsp;<\/p>\n<p>Desde el <strong>Museo de Ciencias se invit\u00f3 a la comunidad a observar un eclipse total de luna<\/strong>, que se producir\u00e1 durante la <strong>noche de este domingo 15 y la madrugada del pr\u00f3ximo lunes 16 de mayo,<\/strong> en un evento que ser\u00e1 \u201cmuy favorable\u201d para su apreciaci\u00f3n en toda Am\u00e9rica.<\/p>\n<p>&nbsp;<\/p>\n<p>Seg\u00fan se a\u00f1adi\u00f3, ser\u00e1 completamente visible en la mayor parte del <strong>Norte y Sur de Am\u00e9rica,<\/strong> debido a que se levantar\u00e1 sobre el noroeste de Am\u00e9rica del Norte, y el oc\u00e9ano Pac\u00edfico, llegando a ser visible en \u00c1frica y Europa.<\/p>\n<p>&nbsp;<\/p>\n<p>Este eclipse ser\u00e1 el tercero de cuatro eclipses lunares met\u00f3nicos en la misma fecha, separados entre s\u00ed por 19 a\u00f1os. En esta ocasi\u00f3n el evento comenzar\u00e1 a darse a las 22:32 (penumbral), 23:38 (parcial) mientras que el m\u00e1ximo eclipse ocurrir\u00e1 a las 01:11 cuando la Luna est\u00e9 a una altitud de 74\u00b0. Terminar\u00e1 a las 03:51.<\/p>\n<p>&nbsp;<\/p>\n<p>Es por ello que<strong> se invit\u00f3 este domingo, a partir de las 23:00 a observar el eclipse total de luna desde la terraza del Museo de Ciencias, donde se colocar\u00e1n telescopios.<\/strong> Vale destacar que de manera previa se realizar\u00e1 una charla para comprender el fen\u00f3meno.<\/p>\n<p>&nbsp;<\/p>\n<p>Por \u00faltimo, se aclar\u00f3 que <strong>se suspender\u00e1 en caso de mal tiempo.<\/strong><\/p>\n<div class=\"at-below-post addthis_tool\" data-url=\"https:\/\/www.olavarria.gov.ar\/el-museo-de-ciencias-invita-a-observar-un-eclipse-total-de-luna\/\" data-title=\"El Museo de Ciencias invita a observar un eclipse total de luna | Municipalidad del Partido de Olavarr\u00eda\">\n<div id=\"atstbx\" class=\"at-share-tbx-element addthis-smartlayers addthis-animated at4-show\" role=\"region\" aria-labelledby=\"at-e3980612-4196-4ce3-a187-7d418bb0f6f4\">\n<p>&nbsp;<\/p>\n<div class=\"at-share-btn-elements\"><\/div>\n<\/div>\n<\/div>\n","protected":false},"excerpt":{"rendered":"<p>El Museo de Ciencias invita a la comunidad a observarlo desde la terraza del espacio, donde se colocar\u00e1n telescopios. Adem\u00e1s,<\/p>\n","protected":false},"author":6,"featured_media":39147,"comment_status":"closed","ping_status":"closed","sticky":false,"template":"","format":"standard","meta":{"_jetpack_memberships_contains_paid_content":false,"footnotes":""},"categories":[5,1],"tags":[],"class_list":["post-54513","post","type-post","status-publish","format-standard","has-post-thumbnail","hentry","category-informacion-general","category-portada"],"jetpack_featured_media_url":"https:\/\/i0.wp.com\/cdnoticias.com\/wp-content\/uploads\/2021\/11\/eclipse_w862.jpg?fit=862%2C571&ssl=1","jetpack_sharing_enabled":true,"_links":{"self":[{"href":"https:\/\/cdnoticias.com\/index.php\/wp-json\/wp\/v2\/posts\/54513","targetHints":{"allow":["GET"]}}],"collection":[{"href":"https:\/\/cdnoticias.com\/index.php\/wp-json\/wp\/v2\/posts"}],"about":[{"href":"https:\/\/cdnoticias.com\/index.php\/wp-json\/wp\/v2\/types\/post"}],"author":[{"embeddable":true,"href":"https:\/\/cdnoticias.com\/index.php\/wp-json\/wp\/v2\/users\/6"}],"replies":[{"embeddable":true,"href":"https:\/\/cdnoticias.com\/index.php\/wp-json\/wp\/v2\/comments?post=54513"}],"version-history":[{"count":0,"href":"https:\/\/cdnoticias.com\/index.php\/wp-json\/wp\/v2\/posts\/54513\/revisions"}],"wp:featuredmedia":[{"embeddable":true,"href":"https:\/\/cdnoticias.com\/index.php\/wp-json\/wp\/v2\/media\/39147"}],"wp:attachment":[{"href":"https:\/\/cdnoticias.com\/index.php\/wp-json\/wp\/v2\/media?parent=54513"}],"wp:term":[{"taxonomy":"category","embeddable":true,"href":"https:\/\/cdnoticias.com\/index.php\/wp-json\/wp\/v2\/categories?post=54513"},{"taxonomy":"post_tag","embeddable":true,"href":"https:\/\/cdnoticias.com\/index.php\/wp-json\/wp\/v2\/tags?post=54513"}],"curies":[{"name":"wp","href":"https:\/\/api.w.org\/{rel}","templated":true}]}}