{"id":54510,"date":"2022-05-13T17:01:06","date_gmt":"2022-05-13T20:01:06","guid":{"rendered":"https:\/\/www.centraldenoticias.com.ar\/?p=54510"},"modified":"2022-05-13T17:01:06","modified_gmt":"2022-05-13T20:01:06","slug":"este-domingo-se-realizara-una-nueva-edicion-de-mercado-olavarriense","status":"publish","type":"post","link":"https:\/\/cdnoticias.com\/index.php\/2022\/05\/13\/este-domingo-se-realizara-una-nueva-edicion-de-mercado-olavarriense\/","title":{"rendered":"Este domingo se realizar\u00e1 una nueva edici\u00f3n de Mercado Olavarriense"},"content":{"rendered":"<p>Ser\u00e1 a partir de las 10:00 en el Parque Helios Eseverri. Participar\u00e1n distintos emprendedores locales. <!--more--><\/p>\n<hr \/>\n<p>Este <strong>domingo 15 de mayo se llevar\u00e1 a cabo una nueva edici\u00f3n de \u201cMercado Olavarriense\u201d<\/strong>. La actividad tendr\u00e1 lugar en el<strong> Parque Helios Eseverri<\/strong> (sector de Juegos infantiles), en el <strong>horario de 10:00 a 18:00.<\/strong><\/p>\n<p>&nbsp;<\/p>\n<p>La jornada contar\u00e1 con la <strong>participaci\u00f3n de emprendedores locales<\/strong>, que producen o prestan servicios en nuestra localidad.<\/p>\n<p>&nbsp;<\/p>\n<p>\u201cMercado Olavarriense\u201d es un<strong> programa integral que posee como principal objetivo \u201cmejorar la visualizaci\u00f3n y comunicaci\u00f3n de la oferta emprendedora local\u201d.<\/strong> Los objetivos espec\u00edficos que persigue son:<\/p>\n<ul>\n<li>Fomentar, e impulsar la actividad emprendedora<\/li>\n<li>Promover la mejora de la competitividad del sector<\/li>\n<li>Acceder a un canal de comercializaci\u00f3n directo<\/li>\n<li>Contribuir a la mejora de capacidades comerciales de los emprendedores<\/li>\n<\/ul>\n<p>&nbsp;<\/p>\n<p>Por consultas podr\u00e1n dirigirse a la<strong> Secretar\u00eda de Desarrollo Econ\u00f3mico<\/strong>, calle Moreno 2765, tel\u00e9fono 422135\/195, o v\u00eda email: <a href=\"mailto:economia.social@olavarria.gov.ar\">economia.social@olavarria.gov.ar<\/a>.<\/p>\n","protected":false},"excerpt":{"rendered":"<p>Ser\u00e1 a partir de las 10:00 en el Parque Helios Eseverri. Participar\u00e1n distintos emprendedores locales.<\/p>\n","protected":false},"author":6,"featured_media":31880,"comment_status":"closed","ping_status":"closed","sticky":false,"template":"","format":"standard","meta":{"_jetpack_memberships_contains_paid_content":false,"footnotes":""},"categories":[5,1],"tags":[],"class_list":["post-54510","post","type-post","status-publish","format-standard","has-post-thumbnail","hentry","category-informacion-general","category-portada"],"jetpack_featured_media_url":"https:\/\/i0.wp.com\/cdnoticias.com\/wp-content\/uploads\/2021\/09\/WhatsApp-Image-2021-09-05-at-16.09.21.jpeg?fit=1599%2C1200&ssl=1","jetpack_sharing_enabled":true,"_links":{"self":[{"href":"https:\/\/cdnoticias.com\/index.php\/wp-json\/wp\/v2\/posts\/54510","targetHints":{"allow":["GET"]}}],"collection":[{"href":"https:\/\/cdnoticias.com\/index.php\/wp-json\/wp\/v2\/posts"}],"about":[{"href":"https:\/\/cdnoticias.com\/index.php\/wp-json\/wp\/v2\/types\/post"}],"author":[{"embeddable":true,"href":"https:\/\/cdnoticias.com\/index.php\/wp-json\/wp\/v2\/users\/6"}],"replies":[{"embeddable":true,"href":"https:\/\/cdnoticias.com\/index.php\/wp-json\/wp\/v2\/comments?post=54510"}],"version-history":[{"count":0,"href":"https:\/\/cdnoticias.com\/index.php\/wp-json\/wp\/v2\/posts\/54510\/revisions"}],"wp:featuredmedia":[{"embeddable":true,"href":"https:\/\/cdnoticias.com\/index.php\/wp-json\/wp\/v2\/media\/31880"}],"wp:attachment":[{"href":"https:\/\/cdnoticias.com\/index.php\/wp-json\/wp\/v2\/media?parent=54510"}],"wp:term":[{"taxonomy":"category","embeddable":true,"href":"https:\/\/cdnoticias.com\/index.php\/wp-json\/wp\/v2\/categories?post=54510"},{"taxonomy":"post_tag","embeddable":true,"href":"https:\/\/cdnoticias.com\/index.php\/wp-json\/wp\/v2\/tags?post=54510"}],"curies":[{"name":"wp","href":"https:\/\/api.w.org\/{rel}","templated":true}]}}