{"id":54490,"date":"2022-05-12T17:33:36","date_gmt":"2022-05-12T20:33:36","guid":{"rendered":"https:\/\/www.centraldenoticias.com.ar\/?p=54490"},"modified":"2022-05-12T17:33:36","modified_gmt":"2022-05-12T20:33:36","slug":"larreta-con-emprendedores-en-la-plata-hay-que-estar-cerca-de-los-que-producen-y-generan-trabajo","status":"publish","type":"post","link":"https:\/\/cdnoticias.com\/index.php\/2022\/05\/12\/larreta-con-emprendedores-en-la-plata-hay-que-estar-cerca-de-los-que-producen-y-generan-trabajo\/","title":{"rendered":"Larreta con emprendedores en La Plata: \u201chay que estar cerca de los que producen y generan trabajo&#8221;"},"content":{"rendered":"<p>El Jefe de Gobierno de la Ciudad de Buenos Aires, Horacio Rodr\u00edguez Larreta, y el intendente de La Plata, Julio Garro, encabezaron hoy una recorrida por el cord\u00f3n productivo local. Dialogaron con emprendedores y comerciantes de la capital bonaerense.<!--more--><\/p>\n<hr \/>\n<p>&nbsp;<\/p>\n<p>El Jefe de Gobierno de la Ciudad de Buenos Aires,<strong> Horacio Rodr\u00edguez Larreta, <\/strong>y el intendente de La Plata,<strong> Julio Garro<\/strong>, encabezaron hoy una recorrida por el cord\u00f3n productivo local. <strong>Dialogaron con emprendedores y comerciantes de la capital bonaerense.<\/strong><\/p>\n<p>&nbsp;<\/p>\n<p>&#8220;Conocimos a un grupo de <strong>50 emprendedores de La Plata y City Bell <\/strong>que tienen un empuje b\u00e1rbaro,<strong> que est\u00e1n tomando empleados.<\/strong> <strong>Eso es lo que la Argentina necesita<\/strong>. Y <strong>desde los gobiernos tenemos que estar cerca y hacer todo para impulsar iniciativas como esta, para producir y generar trabajo, que es el desaf\u00edo n\u00famero 1 que tiene nuestro pa\u00eds<\/strong>\u201d afirm\u00f3 Rodr\u00edguez Larreta. Adem\u00e1s agreg\u00f3 que &#8220;hay que estar cerca de los que producen y generan trabajo que es el principal desaf\u00edo de la Argentina\u201d.<\/p>\n<p>&nbsp;<\/p>\n<p>Por su parte,<strong> el intendente de La Plata, Julio Garro expres\u00f3<\/strong>: \u201cestamos muy contentos de recibir, una vez m\u00e1s, a Horacio en nuestra ciudad y compartir juntos una agenda centrada en la producci\u00f3n. Nuestra prioridad hoy es <strong>acompa\u00f1ar a los que invierten y generan trabajo, acompa\u00f1ando sus esfuerzos para apuntalar el crecimiento<\/strong> y el desarrollo en La Plata, la Provincia y todo el pa\u00eds\u201d.<\/p>\n<p>&nbsp;<\/p>\n<p><img data-recalc-dims=\"1\" loading=\"lazy\" decoding=\"async\" class=\"aligncenter wp-image-54493 size-large\" src=\"https:\/\/i0.wp.com\/cdnoticias.com\/wp-content\/uploads\/2022\/05\/h3.jpg?resize=800%2C532&#038;ssl=1\" alt=\"\" width=\"800\" height=\"532\" srcset=\"https:\/\/i0.wp.com\/cdnoticias.com\/wp-content\/uploads\/2022\/05\/h3.jpg?resize=1024%2C681&amp;ssl=1 1024w, https:\/\/i0.wp.com\/cdnoticias.com\/wp-content\/uploads\/2022\/05\/h3.jpg?resize=300%2C199&amp;ssl=1 300w, https:\/\/i0.wp.com\/cdnoticias.com\/wp-content\/uploads\/2022\/05\/h3.jpg?resize=768%2C511&amp;ssl=1 768w, https:\/\/i0.wp.com\/cdnoticias.com\/wp-content\/uploads\/2022\/05\/h3.jpg?resize=272%2C182&amp;ssl=1 272w, https:\/\/i0.wp.com\/cdnoticias.com\/wp-content\/uploads\/2022\/05\/h3.jpg?w=1280&amp;ssl=1 1280w\" sizes=\"auto, (max-width: 800px) 100vw, 800px\" \/><\/p>\n<p>&nbsp;<\/p>\n<p>En ese aspecto, agreg\u00f3: \u201c<strong>estamos pasando un momento complicado con la inflaci\u00f3n<\/strong>, pero la gente necesita previsibilidad para proyectar su vida. Hoy la actualidad de nuestro pa\u00eds y nuestra provincia no es la m\u00e1s adecuada, <strong>la gente no llega a fin de mes y la pasa mal. Argentina necesita reglas claras y sobre todo saber hacia d\u00f3nde vamos\u201d.<\/strong><\/p>\n<p>&nbsp;<\/p>\n<p>Con el eje puesto en el crecimiento del sector productivo, los referentes de \u2018Juntos\u2019 recorrieron hoy las instalaciones de Tecnoflor, una cooperativa agr\u00edcola de vanguardia que utiliza tecnolog\u00eda de \u00faltima generaci\u00f3n para producir hortalizas y flores que comercializa al mercado nacional.<\/p>\n<p>&nbsp;<\/p>\n<p>A su vez, Garro y Larreta recorrieron las tareas de repavimentaci\u00f3n de la calle 467 entre Camino General Belgrano y Ruta 36, una obra que permitir\u00e1 mejorar uno de los accesos m\u00e1s importantes de la Ciudad, en pos de facilitar el traslado de la producci\u00f3n platense.<\/p>\n<p>&nbsp;<\/p>\n<p><img data-recalc-dims=\"1\" loading=\"lazy\" decoding=\"async\" class=\"aligncenter wp-image-54494 size-large\" src=\"https:\/\/i0.wp.com\/cdnoticias.com\/wp-content\/uploads\/2022\/05\/h1.jpg?resize=800%2C541&#038;ssl=1\" alt=\"\" width=\"800\" height=\"541\" srcset=\"https:\/\/i0.wp.com\/cdnoticias.com\/wp-content\/uploads\/2022\/05\/h1.jpg?resize=1024%2C693&amp;ssl=1 1024w, https:\/\/i0.wp.com\/cdnoticias.com\/wp-content\/uploads\/2022\/05\/h1.jpg?resize=300%2C203&amp;ssl=1 300w, https:\/\/i0.wp.com\/cdnoticias.com\/wp-content\/uploads\/2022\/05\/h1.jpg?resize=768%2C520&amp;ssl=1 768w, https:\/\/i0.wp.com\/cdnoticias.com\/wp-content\/uploads\/2022\/05\/h1.jpg?w=1280&amp;ssl=1 1280w\" sizes=\"auto, (max-width: 800px) 100vw, 800px\" \/><\/p>\n<p>&nbsp;<\/p>\n<p>Por \u00faltimo caminaron por el paseo comercial de calle Cantilo, en City Bell, donde a su vez mantuvieron un encuentro con emprendedores y comerciantes en el que analizaron la situaci\u00f3n actual y medidas que potencien al sector, apuntando a la reactivaci\u00f3n econ\u00f3mica y la generaci\u00f3n de empleo genuino.<\/p>\n","protected":false},"excerpt":{"rendered":"<p>El Jefe de Gobierno de la Ciudad de Buenos Aires, Horacio Rodr\u00edguez Larreta, y el intendente de La Plata, Julio<\/p>\n","protected":false},"author":6,"featured_media":54491,"comment_status":"closed","ping_status":"closed","sticky":false,"template":"","format":"standard","meta":{"_jetpack_memberships_contains_paid_content":false,"footnotes":""},"categories":[6],"tags":[],"class_list":["post-54490","post","type-post","status-publish","format-standard","has-post-thumbnail","hentry","category-nacionales"],"jetpack_featured_media_url":"https:\/\/i0.wp.com\/cdnoticias.com\/wp-content\/uploads\/2022\/05\/h2.jpg?fit=1280%2C847&ssl=1","jetpack_sharing_enabled":true,"_links":{"self":[{"href":"https:\/\/cdnoticias.com\/index.php\/wp-json\/wp\/v2\/posts\/54490","targetHints":{"allow":["GET"]}}],"collection":[{"href":"https:\/\/cdnoticias.com\/index.php\/wp-json\/wp\/v2\/posts"}],"about":[{"href":"https:\/\/cdnoticias.com\/index.php\/wp-json\/wp\/v2\/types\/post"}],"author":[{"embeddable":true,"href":"https:\/\/cdnoticias.com\/index.php\/wp-json\/wp\/v2\/users\/6"}],"replies":[{"embeddable":true,"href":"https:\/\/cdnoticias.com\/index.php\/wp-json\/wp\/v2\/comments?post=54490"}],"version-history":[{"count":0,"href":"https:\/\/cdnoticias.com\/index.php\/wp-json\/wp\/v2\/posts\/54490\/revisions"}],"wp:featuredmedia":[{"embeddable":true,"href":"https:\/\/cdnoticias.com\/index.php\/wp-json\/wp\/v2\/media\/54491"}],"wp:attachment":[{"href":"https:\/\/cdnoticias.com\/index.php\/wp-json\/wp\/v2\/media?parent=54490"}],"wp:term":[{"taxonomy":"category","embeddable":true,"href":"https:\/\/cdnoticias.com\/index.php\/wp-json\/wp\/v2\/categories?post=54490"},{"taxonomy":"post_tag","embeddable":true,"href":"https:\/\/cdnoticias.com\/index.php\/wp-json\/wp\/v2\/tags?post=54490"}],"curies":[{"name":"wp","href":"https:\/\/api.w.org\/{rel}","templated":true}]}}