{"id":54482,"date":"2022-05-12T14:56:19","date_gmt":"2022-05-12T17:56:19","guid":{"rendered":"https:\/\/www.centraldenoticias.com.ar\/?p=54482"},"modified":"2022-05-12T18:25:45","modified_gmt":"2022-05-12T21:25:45","slug":"informe-de-gestion-en-el-hcd-el-ex-intendente-sobreseido-y-la-inversion-en-letras-de-la-provincia","status":"publish","type":"post","link":"https:\/\/cdnoticias.com\/index.php\/2022\/05\/12\/informe-de-gestion-en-el-hcd-el-ex-intendente-sobreseido-y-la-inversion-en-letras-de-la-provincia\/","title":{"rendered":"Informe de gesti\u00f3n en el HCD: el ex intendente, sobrese\u00eddo y la inversi\u00f3n en Letras de la Provincia"},"content":{"rendered":"<p>Fueron parte de las respuestas que brind\u00f3 el secretario de Gobierno. Respondi\u00f3 sobre la denuncia que impuls\u00f3 el Municipio en 2016 y el destino de los fondos ingresados por la venta de la calle a Cementos Avellaneda.<!--more--><\/p>\n<hr \/>\n<p>El Secretario de Gobierno tambi\u00e9n respondi\u00f3 este jueves ante los concejales por <strong>una denuncia que impuls\u00f3 el Municipio y por la inversi\u00f3n de los ingresos por la venta de una calle.<\/strong><\/p>\n<p>&nbsp;<\/p>\n<p>A lo largo de su intervenci\u00f3n<a href=\"https:\/\/cdnoticias.com\/index.php\/2022\/05\/12\/el-informe-de-gestion-de-hilario-galli-inicio-con-un-mensaje-a-los-concejales\/\" target=\"_blank\" rel=\"noopener\"> que se extendi\u00f3 por unas cuatro horas con las respuestas del \u201cinforme de gesti\u00f3n\u201d<\/a>, el Secretario de Gobierno respondi\u00f3 tambi\u00e9n las<strong> consultas del bloque Ahora Olavarr\u00eda.<\/strong><\/p>\n<p>&nbsp;<\/p>\n<p><img data-recalc-dims=\"1\" loading=\"lazy\" decoding=\"async\" class=\"size-full wp-image-54448 aligncenter\" src=\"https:\/\/i0.wp.com\/cdnoticias.com\/wp-content\/uploads\/2022\/05\/HCD-sesion-06.jpg?resize=800%2C445&#038;ssl=1\" alt=\"\" width=\"800\" height=\"445\" srcset=\"https:\/\/i0.wp.com\/cdnoticias.com\/wp-content\/uploads\/2022\/05\/HCD-sesion-06.jpg?w=800&amp;ssl=1 800w, https:\/\/i0.wp.com\/cdnoticias.com\/wp-content\/uploads\/2022\/05\/HCD-sesion-06.jpg?resize=300%2C167&amp;ssl=1 300w, https:\/\/i0.wp.com\/cdnoticias.com\/wp-content\/uploads\/2022\/05\/HCD-sesion-06.jpg?resize=768%2C427&amp;ssl=1 768w\" sizes=\"auto, (max-width: 800px) 100vw, 800px\" \/><\/p>\n<p>&nbsp;<\/p>\n<p>Fueron tres: una referida al proyecto de <strong>construcci\u00f3n de un frigor\u00edfico<\/strong> y la segunda vinculada con las <strong>inspecciones a la obra TUVI<\/strong> sobre las que se inform\u00f3 que se hacen diariamente.<\/p>\n<p>&nbsp;<\/p>\n<blockquote><p>La tercera dej\u00f3 un dato novedoso. Se refiri\u00f3 a \u201cestado de la causa judicial iniciada en el 2016 Municipalidad de Olavarr\u00eda vs. Jos\u00e9 Eseverri\u201d. La respuesta del secretario de Gobierno dej\u00f3 en claro que el ex jefe comunal fue sobrese\u00eddo en esa investigaci\u00f3n.<\/p><\/blockquote>\n<p>&nbsp;<\/p>\n<p><img data-recalc-dims=\"1\" loading=\"lazy\" decoding=\"async\" class=\"size-full wp-image-54483 aligncenter\" src=\"https:\/\/i0.wp.com\/cdnoticias.com\/wp-content\/uploads\/2022\/05\/HCD-sesion-UCR.jpg?resize=800%2C446&#038;ssl=1\" alt=\"\" width=\"800\" height=\"446\" srcset=\"https:\/\/i0.wp.com\/cdnoticias.com\/wp-content\/uploads\/2022\/05\/HCD-sesion-UCR.jpg?w=800&amp;ssl=1 800w, https:\/\/i0.wp.com\/cdnoticias.com\/wp-content\/uploads\/2022\/05\/HCD-sesion-UCR.jpg?resize=300%2C167&amp;ssl=1 300w, https:\/\/i0.wp.com\/cdnoticias.com\/wp-content\/uploads\/2022\/05\/HCD-sesion-UCR.jpg?resize=768%2C428&amp;ssl=1 768w\" sizes=\"auto, (max-width: 800px) 100vw, 800px\" \/><\/p>\n<p>&nbsp;<\/p>\n<p>Por \u00faltimo, <strong>respondi\u00f3 una veintena de consultas de UCR-Juntos<\/strong> con variados temas. Entre ellos, Galli inform\u00f3 que <strong>en cuanto a obras p\u00fablicas, la Naci\u00f3n y la Provincia mantienen deudas por unos 20,5 millones de pesos con el Municipio<\/strong> y que sobre otros programas y gestiones, lo adeudado asciende a 109,5 millones de pesos.<\/p>\n<p>&nbsp;<\/p>\n<blockquote><p>Tambi\u00e9n detall\u00f3 el titular de Gobierno que con el dinero que percibi\u00f3 el Municipio por la venta de la calle a Cementos Avellaneda \u201cel Ejecutivo ha tomado la decisi\u00f3n de invertir los intereses percibidos por la colocaci\u00f3n en Letras de la Provincia (\u2026) hasta tanto se vayan ejecutando las obras planificadas\u201d.<\/p><\/blockquote>\n<p>&nbsp;<\/p>\n<p>Asimismo, en respuesta al bloque radical el secretario dio<em> detalles de las obras p\u00fablicas contempladas en el presupuesto, del mantenimiento de caminos rurales, habl\u00f3 de la estad\u00edstica de accidentes de tr\u00e1nsito, de los programas de colaboraci\u00f3n con los clubes de Olavarr\u00eda, de los controles de la declaraci\u00f3n de explotaci\u00f3n de las mineras para el Impuesto a la Piedra, as\u00ed como tambi\u00e9n inform\u00f3 que en 2021 la Municipalidad dio el alta a 182 nuevos empleados<\/em>.<\/p>\n","protected":false},"excerpt":{"rendered":"<p>Fueron parte de las respuestas que brind\u00f3 el secretario de Gobierno. Respondi\u00f3 sobre la denuncia que impuls\u00f3 el Municipio en<\/p>\n","protected":false},"author":4,"featured_media":54484,"comment_status":"closed","ping_status":"closed","sticky":false,"template":"","format":"standard","meta":{"_jetpack_memberships_contains_paid_content":false,"footnotes":""},"categories":[4,1],"tags":[],"class_list":["post-54482","post","type-post","status-publish","format-standard","has-post-thumbnail","hentry","category-politica","category-portada"],"jetpack_featured_media_url":"https:\/\/i0.wp.com\/cdnoticias.com\/wp-content\/uploads\/2022\/05\/HCD-hilario-galli-05.jpg?fit=800%2C445&ssl=1","jetpack_sharing_enabled":true,"_links":{"self":[{"href":"https:\/\/cdnoticias.com\/index.php\/wp-json\/wp\/v2\/posts\/54482","targetHints":{"allow":["GET"]}}],"collection":[{"href":"https:\/\/cdnoticias.com\/index.php\/wp-json\/wp\/v2\/posts"}],"about":[{"href":"https:\/\/cdnoticias.com\/index.php\/wp-json\/wp\/v2\/types\/post"}],"author":[{"embeddable":true,"href":"https:\/\/cdnoticias.com\/index.php\/wp-json\/wp\/v2\/users\/4"}],"replies":[{"embeddable":true,"href":"https:\/\/cdnoticias.com\/index.php\/wp-json\/wp\/v2\/comments?post=54482"}],"version-history":[{"count":0,"href":"https:\/\/cdnoticias.com\/index.php\/wp-json\/wp\/v2\/posts\/54482\/revisions"}],"wp:featuredmedia":[{"embeddable":true,"href":"https:\/\/cdnoticias.com\/index.php\/wp-json\/wp\/v2\/media\/54484"}],"wp:attachment":[{"href":"https:\/\/cdnoticias.com\/index.php\/wp-json\/wp\/v2\/media?parent=54482"}],"wp:term":[{"taxonomy":"category","embeddable":true,"href":"https:\/\/cdnoticias.com\/index.php\/wp-json\/wp\/v2\/categories?post=54482"},{"taxonomy":"post_tag","embeddable":true,"href":"https:\/\/cdnoticias.com\/index.php\/wp-json\/wp\/v2\/tags?post=54482"}],"curies":[{"name":"wp","href":"https:\/\/api.w.org\/{rel}","templated":true}]}}