{"id":54477,"date":"2022-05-16T08:09:21","date_gmt":"2022-05-16T11:09:21","guid":{"rendered":"https:\/\/www.centraldenoticias.com.ar\/?p=54477"},"modified":"2022-05-16T08:09:21","modified_gmt":"2022-05-16T11:09:21","slug":"capacitacion-de-policias-en-conduccion-de-vehiculos","status":"publish","type":"post","link":"https:\/\/cdnoticias.com\/index.php\/2022\/05\/16\/capacitacion-de-policias-en-conduccion-de-vehiculos\/","title":{"rendered":"Capacitaci\u00f3n de polic\u00edas en conducci\u00f3n de veh\u00edculos"},"content":{"rendered":"<p>Tuvo lugar en el Sal\u00f3n Rivadavia con el objetivo de promover la seguridad vial.<!--more--><\/p>\n<hr \/>\n<p>El pasado martes por la tarde se llev\u00f3 a cabo en el Sal\u00f3n Rivadavia de la Municipalidad de Olavarr\u00eda un <strong>nuevo curso de capacitaci\u00f3n al personal policial de seguridad orientado a la conducci\u00f3n de veh\u00edculos policiales y las reglamentaciones de tr\u00e1nsito, todo en materia de Seguridad Vial.<\/strong><\/p>\n<p>&nbsp;<\/p>\n<p>Se agreg\u00f3 tambi\u00e9n que se realizaron abordajes sobre <strong>resoluci\u00f3n de conflictos, tratamientos, intervenciones, preservaci\u00f3n del lugar del hecho<\/strong> y dem\u00e1s.<\/p>\n<p>&nbsp;<\/p>\n<p>La actividad e<strong>s impulsada desde la Estaci\u00f3n de Polic\u00eda Departamental de Seguridad Olavarr\u00eda<\/strong>, a trav\u00e9s de los titulares del Comando de Patrulla Subcomisario Nicolas Kette, Comisaria 1ra y 2da, como del resto de las dependencias policiales que integran la Jafatura. A su vez se cont\u00f3 con la colaboraci\u00f3n del Jefe de Delegaci\u00f3n Polic\u00eda Cient\u00edfica Olavarr\u00eda, Licenciado Mayor Sotuyo Carlos, perito accidentol\u00f3gico, como as\u00ed tambi\u00e9n del Director de Licencias de Conducir Dr. Leandro Lanceta.<\/p>\n<p>&nbsp;<\/p>\n<blockquote><p>\u201cEste tipo de encuentros continuar\u00e1n en pos de un mejoramiento de las tareas diarias que realizan los efectivos policiales en la localidad de Olavarr\u00eda\u201d se indic\u00f3 desde la Estaci\u00f3n Departamental.<\/p><\/blockquote>\n","protected":false},"excerpt":{"rendered":"<p>Tuvo lugar en el Sal\u00f3n Rivadavia con el objetivo de promover la seguridad vial.<\/p>\n","protected":false},"author":4,"featured_media":54478,"comment_status":"closed","ping_status":"closed","sticky":false,"template":"","format":"standard","meta":{"_jetpack_memberships_contains_paid_content":false,"footnotes":""},"categories":[14,1],"tags":[],"class_list":["post-54477","post","type-post","status-publish","format-standard","has-post-thumbnail","hentry","category-policiales","category-portada"],"jetpack_featured_media_url":"https:\/\/i0.wp.com\/cdnoticias.com\/wp-content\/uploads\/2022\/05\/policias-capacitacion01.jpg?fit=1307%2C727&ssl=1","jetpack_sharing_enabled":true,"_links":{"self":[{"href":"https:\/\/cdnoticias.com\/index.php\/wp-json\/wp\/v2\/posts\/54477","targetHints":{"allow":["GET"]}}],"collection":[{"href":"https:\/\/cdnoticias.com\/index.php\/wp-json\/wp\/v2\/posts"}],"about":[{"href":"https:\/\/cdnoticias.com\/index.php\/wp-json\/wp\/v2\/types\/post"}],"author":[{"embeddable":true,"href":"https:\/\/cdnoticias.com\/index.php\/wp-json\/wp\/v2\/users\/4"}],"replies":[{"embeddable":true,"href":"https:\/\/cdnoticias.com\/index.php\/wp-json\/wp\/v2\/comments?post=54477"}],"version-history":[{"count":0,"href":"https:\/\/cdnoticias.com\/index.php\/wp-json\/wp\/v2\/posts\/54477\/revisions"}],"wp:featuredmedia":[{"embeddable":true,"href":"https:\/\/cdnoticias.com\/index.php\/wp-json\/wp\/v2\/media\/54478"}],"wp:attachment":[{"href":"https:\/\/cdnoticias.com\/index.php\/wp-json\/wp\/v2\/media?parent=54477"}],"wp:term":[{"taxonomy":"category","embeddable":true,"href":"https:\/\/cdnoticias.com\/index.php\/wp-json\/wp\/v2\/categories?post=54477"},{"taxonomy":"post_tag","embeddable":true,"href":"https:\/\/cdnoticias.com\/index.php\/wp-json\/wp\/v2\/tags?post=54477"}],"curies":[{"name":"wp","href":"https:\/\/api.w.org\/{rel}","templated":true}]}}