{"id":54467,"date":"2022-05-12T13:12:46","date_gmt":"2022-05-12T16:12:46","guid":{"rendered":"https:\/\/www.centraldenoticias.com.ar\/?p=54467"},"modified":"2022-05-13T07:44:19","modified_gmt":"2022-05-13T10:44:19","slug":"el-informe-de-gestion-de-hilario-galli-inicio-con-un-mensaje-a-los-concejales","status":"publish","type":"post","link":"https:\/\/cdnoticias.com\/index.php\/2022\/05\/12\/el-informe-de-gestion-de-hilario-galli-inicio-con-un-mensaje-a-los-concejales\/","title":{"rendered":"El informe de gesti\u00f3n de Hilario Galli inici\u00f3 con un mensaje a los concejales"},"content":{"rendered":"<p>\u201cSe generan discusiones est\u00e9riles y se buscan problemas donde no los hay\u201d dijo el Secretario de Gobierno. Con informaci\u00f3n sobre el relleno sanitario, tratamiento de residuos y cupo laboral trans comenz\u00f3 la sesi\u00f3n en el HCD.<!--more--><\/p>\n<hr \/>\n<p><a href=\"https:\/\/cdnoticias.com\/index.php\/2022\/05\/12\/con-la-presencia-del-secretario-de-gobierno-se-inicio-la-sesion-del-hcd\/\" target=\"_blank\" rel=\"noopener\">Pocos minutos despu\u00e9s de las 9 comenz\u00f3 la <\/a><strong>sesi\u00f3n ordinaria del Concejo que tiene la particularidad de que cuenta con el \u201cinforme de gesti\u00f3n\u201d del secretario de Gobierno, Hilario Galli<\/strong>.<\/p>\n<p>&nbsp;<\/p>\n<p>Inici\u00f3 con un <strong>pedido del Frente de Todos para alterar el orden del d\u00eda<\/strong> y tratar una iniciativa vinculada con la Facultad de Ciencias de la Salud ya que se encontraban presentes los estudiantes y docentes, incluso el decano H\u00e9ctor Trebuq, pero se impidi\u00f3 tal cambio por mayor\u00eda.<\/p>\n<p>&nbsp;<\/p>\n<p>Tras ello ingres\u00f3 <strong>el secretario Galli al recinto y tom\u00f3 lugar en el estrado<\/strong>, junto a la presidenta Cecilia Krivochen y la secretaria Margarita Arregui.<\/p>\n<p>&nbsp;<\/p>\n<p><img data-recalc-dims=\"1\" loading=\"lazy\" decoding=\"async\" class=\"size-full wp-image-54441 aligncenter\" src=\"https:\/\/i0.wp.com\/cdnoticias.com\/wp-content\/uploads\/2022\/05\/HCD-hilario-galli-03.jpg?resize=800%2C445&#038;ssl=1\" alt=\"\" width=\"800\" height=\"445\" srcset=\"https:\/\/i0.wp.com\/cdnoticias.com\/wp-content\/uploads\/2022\/05\/HCD-hilario-galli-03.jpg?w=800&amp;ssl=1 800w, https:\/\/i0.wp.com\/cdnoticias.com\/wp-content\/uploads\/2022\/05\/HCD-hilario-galli-03.jpg?resize=300%2C167&amp;ssl=1 300w, https:\/\/i0.wp.com\/cdnoticias.com\/wp-content\/uploads\/2022\/05\/HCD-hilario-galli-03.jpg?resize=768%2C427&amp;ssl=1 768w\" sizes=\"auto, (max-width: 800px) 100vw, 800px\" \/><\/p>\n<p>&nbsp;<\/p>\n<blockquote><p>\u201cNada reemplaza poder estar presentes dialogando\u201d dijo el funcionario al iniciar su intervenci\u00f3n con un mensaje a los concejales. \u201cTenemos una doble responsabilidad: llevar adelante nuestra tarea con conciencia y dedicaci\u00f3n, y tambi\u00e9n llevar tranquilidad a los vecinos\u201d se\u00f1al\u00f3 para considerar que \u201cse generan discusiones est\u00e9riles y se buscan problemas donde no los hay\u201d.<\/p><\/blockquote>\n<p>&nbsp;<\/p>\n<p>En ese marco, destac\u00f3 que su intervenci\u00f3n por medio de los informes de gesti\u00f3n<strong> \u201ces una gran herramienta para llevar tranquilidad a los vecinos. A eso vengo hoy, a dar respuestas\u201d<\/strong> dijo.<\/p>\n<p>&nbsp;<\/p>\n<p>Luego esboz\u00f3 <strong>una cr\u00edtica a la cantidad de preguntas y el tiempo que requiri\u00f3 su preparaci\u00f3n y presentaci\u00f3n<\/strong>. Tuvo en cuenta que en 2021, hace un a\u00f1o, recibi\u00f3 60 consultas.<\/p>\n<p>&nbsp;<\/p>\n<p><img data-recalc-dims=\"1\" loading=\"lazy\" decoding=\"async\" class=\"size-full wp-image-54444 aligncenter\" src=\"https:\/\/i0.wp.com\/cdnoticias.com\/wp-content\/uploads\/2022\/05\/HCD-sesion-01.jpg?resize=800%2C445&#038;ssl=1\" alt=\"\" width=\"800\" height=\"445\" srcset=\"https:\/\/i0.wp.com\/cdnoticias.com\/wp-content\/uploads\/2022\/05\/HCD-sesion-01.jpg?w=800&amp;ssl=1 800w, https:\/\/i0.wp.com\/cdnoticias.com\/wp-content\/uploads\/2022\/05\/HCD-sesion-01.jpg?resize=300%2C167&amp;ssl=1 300w, https:\/\/i0.wp.com\/cdnoticias.com\/wp-content\/uploads\/2022\/05\/HCD-sesion-01.jpg?resize=768%2C427&amp;ssl=1 768w\" sizes=\"auto, (max-width: 800px) 100vw, 800px\" \/><\/p>\n<p>&nbsp;<\/p>\n<p><strong>Las respuestas<\/strong><\/p>\n<p>&nbsp;<\/p>\n<p>Hilario Galli inici\u00f3 su alocuci\u00f3n respondiendo <strong>116 preguntas del interbloque Frente de Todos<\/strong>. Fueron de muy diversas tem\u00e1ticas. Entre ellas<strong> se destac\u00f3 lo referido al desv\u00edo de lixiviados al arroyo desde el relleno sanitario<\/strong>, <a href=\"https:\/\/cdnoticias.com\/index.php\/2021\/11\/30\/desvio-de-lixiviados-al-arroyo-esto-paso-por-negligencia-falta-de-controles-y-desidia\/\" target=\"_blank\" rel=\"noopener\">situaci\u00f3n denunciada en los \u00faltimos meses del a\u00f1o pasado<\/a>.<\/p>\n<p>&nbsp;<\/p>\n<blockquote><p>El secretario inform\u00f3 que, una vez conocidos los derrames, \u201cse bloquearon y taparon los \u00a0escurrimientos superficiales que llegaban al arroyo, se construy\u00f3 una berma alrededor de la celda 4 para contener posibles derrames, y con camiones atmosf\u00e9ricos se baj\u00f3 el nivel de lixiviados en la celda, los cuales fueron transportados a la planta de lixiviados\u201d. Dio m\u00e1s detalles de las obras realizadas y expuso que fue intimada la empresa Malvinas para \u201cla remediaci\u00f3n y presentaci\u00f3n de un plan de contingencia, lo cual fue cumplido\u201d.<\/p><\/blockquote>\n<p>&nbsp;<\/p>\n<p>Tambi\u00e9n recibi\u00f3 consultas <strong>respecto del Programa GIRO<\/strong>. Las preguntas abarcaron numerosos aspectos y entre los datos m\u00e1s importantes que brind\u00f3 Galli se contaron<strong> la venta de material recuperado: 8.140 kilos de vidrio por 32 mil pesos y 2.110 kilos de cart\u00f3n por 31.650 pesos<\/strong>. Se aclar\u00f3 que estas ventas tuvieron el car\u00e1cter de excepcional y que se proyecta que \u201cen el futuro la estimaci\u00f3n es que todos los meses tendremos material recuperado para vender\u201d.<\/p>\n<p>&nbsp;<\/p>\n<p><img data-recalc-dims=\"1\" loading=\"lazy\" decoding=\"async\" class=\"size-full wp-image-54440 aligncenter\" src=\"https:\/\/i0.wp.com\/cdnoticias.com\/wp-content\/uploads\/2022\/05\/HCD-hilario-galli-02.jpg?resize=800%2C445&#038;ssl=1\" alt=\"\" width=\"800\" height=\"445\" srcset=\"https:\/\/i0.wp.com\/cdnoticias.com\/wp-content\/uploads\/2022\/05\/HCD-hilario-galli-02.jpg?w=800&amp;ssl=1 800w, https:\/\/i0.wp.com\/cdnoticias.com\/wp-content\/uploads\/2022\/05\/HCD-hilario-galli-02.jpg?resize=300%2C167&amp;ssl=1 300w, https:\/\/i0.wp.com\/cdnoticias.com\/wp-content\/uploads\/2022\/05\/HCD-hilario-galli-02.jpg?resize=768%2C427&amp;ssl=1 768w\" sizes=\"auto, (max-width: 800px) 100vw, 800px\" \/><\/p>\n<p>&nbsp;<\/p>\n<p>Tambi\u00e9n indic\u00f3 que los residuos se clasifican en 15 categor\u00edas y que<strong> \u201cse clasifican y almacenan otro tipo de materiales inorg\u00e1nicos, que por sus caracter\u00edsticas no presentan un potencial mercado de venta, pero son considerados aptos para Combustibles Derivados de Residuos (CDR)\u201d<\/strong>. Adelant\u00f3 que con ello se analiza \u201crealizar futuros convenios con empresas cementeras locales, realizando pruebas para la viabilidad de combusti\u00f3n en hornos cementeros\u201d.<\/p>\n<p>&nbsp;<\/p>\n<p>Otro de los puntos consultados gir\u00f3 en torno a la<strong> efectiva aplicaci\u00f3n e implementaci\u00f3n de la ordenanza sobre el cupo laboral para personas travestis, transexuales y transg\u00e9nero<\/strong>. El secretario de Gobierno inform\u00f3 que desde abril de 2021 no se han registrado incorporaciones y que desde la Direcci\u00f3n de Pol\u00edticas de G\u00e9nero se trabaja en articulaci\u00f3n con la Direcci\u00f3n de Empleo en la promoci\u00f3n del cupo laboral trans \u201cpromoviendo el registro de personas trans en el Portal de Empleo web del municipio\u201d.<\/p>\n<p>&nbsp;<\/p>\n<p><img data-recalc-dims=\"1\" loading=\"lazy\" decoding=\"async\" class=\"size-full wp-image-54439 aligncenter\" src=\"https:\/\/i0.wp.com\/cdnoticias.com\/wp-content\/uploads\/2022\/05\/HCD-hilario-galli-01.jpg?resize=800%2C445&#038;ssl=1\" alt=\"\" width=\"800\" height=\"445\" srcset=\"https:\/\/i0.wp.com\/cdnoticias.com\/wp-content\/uploads\/2022\/05\/HCD-hilario-galli-01.jpg?w=800&amp;ssl=1 800w, https:\/\/i0.wp.com\/cdnoticias.com\/wp-content\/uploads\/2022\/05\/HCD-hilario-galli-01.jpg?resize=300%2C167&amp;ssl=1 300w, https:\/\/i0.wp.com\/cdnoticias.com\/wp-content\/uploads\/2022\/05\/HCD-hilario-galli-01.jpg?resize=768%2C427&amp;ssl=1 768w\" sizes=\"auto, (max-width: 800px) 100vw, 800px\" \/><\/p>\n<p>&nbsp;<\/p>\n<blockquote><p>Adem\u00e1s, asegur\u00f3 que \u201cse fomenta la incorporaci\u00f3n de personas trans por medio de programas de empleo en empresas del sector privado\u201d. En ese sentido, indic\u00f3 que \u201cdesde que se inici\u00f3 con el relevamiento de personas travestis, transexuales y transg\u00e9nero a la fecha se registraron en el portal 16 personas. De las mismas, dos han sido vinculadas laboralmente desde la Direcci\u00f3n de Empleo en el sector privado y una cuenta con trabajo formal en el sector p\u00fablico previo a su inscripci\u00f3n\u201d.<\/p><\/blockquote>\n<p>&nbsp;<\/p>\n<p>Tambi\u00e9n desde el Frente de Todos se incluyeron <em>consultas por lotes disponibles para viviendas en Olavarr\u00eda y las localidades, estado de la red de fibra \u00f3ptica, an\u00e1lisis del agua del arroyo, controles a la empresa Transportes Malvinas, personal de guardias de salud, se solicitaron detalles de algunas obras puntuales, el avance del proyecto de construcci\u00f3n del frigor\u00edfico, el programa TUVI, la denuncia del Municipio por la toma de lotes en barrio Lourdes y por la suspensi\u00f3n de Mariano Ciancio en el marco de la causa de venta irregular de terrenos<\/em>.<\/p>\n","protected":false},"excerpt":{"rendered":"<p>\u201cSe generan discusiones est\u00e9riles y se buscan problemas donde no los hay\u201d dijo el Secretario de Gobierno. Con informaci\u00f3n sobre<\/p>\n","protected":false},"author":4,"featured_media":54471,"comment_status":"closed","ping_status":"closed","sticky":false,"template":"","format":"standard","meta":{"_jetpack_memberships_contains_paid_content":false,"footnotes":""},"categories":[4,1],"tags":[],"class_list":["post-54467","post","type-post","status-publish","format-standard","has-post-thumbnail","hentry","category-politica","category-portada"],"jetpack_featured_media_url":"https:\/\/i0.wp.com\/cdnoticias.com\/wp-content\/uploads\/2022\/05\/hilario-galli01.jpg?fit=1927%2C1157&ssl=1","jetpack_sharing_enabled":true,"_links":{"self":[{"href":"https:\/\/cdnoticias.com\/index.php\/wp-json\/wp\/v2\/posts\/54467","targetHints":{"allow":["GET"]}}],"collection":[{"href":"https:\/\/cdnoticias.com\/index.php\/wp-json\/wp\/v2\/posts"}],"about":[{"href":"https:\/\/cdnoticias.com\/index.php\/wp-json\/wp\/v2\/types\/post"}],"author":[{"embeddable":true,"href":"https:\/\/cdnoticias.com\/index.php\/wp-json\/wp\/v2\/users\/4"}],"replies":[{"embeddable":true,"href":"https:\/\/cdnoticias.com\/index.php\/wp-json\/wp\/v2\/comments?post=54467"}],"version-history":[{"count":0,"href":"https:\/\/cdnoticias.com\/index.php\/wp-json\/wp\/v2\/posts\/54467\/revisions"}],"wp:featuredmedia":[{"embeddable":true,"href":"https:\/\/cdnoticias.com\/index.php\/wp-json\/wp\/v2\/media\/54471"}],"wp:attachment":[{"href":"https:\/\/cdnoticias.com\/index.php\/wp-json\/wp\/v2\/media?parent=54467"}],"wp:term":[{"taxonomy":"category","embeddable":true,"href":"https:\/\/cdnoticias.com\/index.php\/wp-json\/wp\/v2\/categories?post=54467"},{"taxonomy":"post_tag","embeddable":true,"href":"https:\/\/cdnoticias.com\/index.php\/wp-json\/wp\/v2\/tags?post=54467"}],"curies":[{"name":"wp","href":"https:\/\/api.w.org\/{rel}","templated":true}]}}