{"id":54462,"date":"2022-05-12T14:35:55","date_gmt":"2022-05-12T17:35:55","guid":{"rendered":"https:\/\/www.centraldenoticias.com.ar\/?p=54462"},"modified":"2022-05-12T14:35:55","modified_gmt":"2022-05-12T17:35:55","slug":"kicillof-anuncio-un-bono-y-aumentos-en-jubilaciones-y-pensiones","status":"publish","type":"post","link":"https:\/\/cdnoticias.com\/index.php\/2022\/05\/12\/kicillof-anuncio-un-bono-y-aumentos-en-jubilaciones-y-pensiones\/","title":{"rendered":"Kicillof anunci\u00f3 un bono y aumentos en jubilaciones y pensiones"},"content":{"rendered":"<p>Tambi\u00e9n la implementaci\u00f3n de bonos que reforzar\u00e1n este mes el incremento previsional. El gobernador se reuni\u00f3 con el ministro de Hacienda, Pablo L\u00f3pez, y la presidenta del Instituto de Previsi\u00f3n Social (IPS), Marina Moretti. <!--more--><\/p>\n<hr \/>\n<p>El gobernador de la provincia de Buenos Aires, Axel Kicillof, se reuni\u00f3 con el ministro de Hacienda y Finanzas, Pablo L\u00f3pez, y la presidenta del Instituto de Previsi\u00f3n Social (IPS), Marina Moretti, y <strong>anunci\u00f3 aumentos en jubilaciones y pensiones<\/strong>.\u00a0Adem\u00e1s, inform\u00f3 acerca de la implementaci\u00f3n de bonos que reforzar\u00e1n este mes el incremento previsional.<\/p>\n<p>&nbsp;<\/p>\n<blockquote><p>&#8220;El objetivo de estas pol\u00edticas para fortalecer los ingresos es acompa\u00f1ar a los y las bonaerenses que se encuentran en una situaci\u00f3n de mayor vulnerabilidad&#8221;, expres\u00f3 Kicillof y agreg\u00f3: &#8220;Estamos trabajando para dar respuestas y sostener una reactivaci\u00f3n de la econom\u00eda que tiene que llegar a todos y todas&#8221;.<\/p><\/blockquote>\n<p>&nbsp;<\/p>\n<p>\u201cMantuvimos una reuni\u00f3n de trabajo en la que el gobernador Kicillof tom\u00f3 la decisi\u00f3n de aumentar las jubilaciones y pensiones m\u00ednimas y <strong>otorgar un bono que reforzar\u00e1 los ingresos de muchas familias\u201d, explic\u00f3 Moretti,<\/strong> al tiempo que se\u00f1al\u00f3 que \u201clas pensiones no contributivas que perciben los menores de 21 a\u00f1os y del r\u00e9gimen general tambi\u00e9n se incrementar\u00e1n\u201d.<\/p>\n<p>&nbsp;<\/p>\n<p>\u201cEstamos trabajando para acompa\u00f1ar a un sector que, si bien representa a una parte peque\u00f1a de los beneficiarios del IPS, est\u00e1 conformado por<strong> quienes m\u00e1s necesitan del apoyo del Gobierno de la Provincia<\/strong>\u201d, afirm\u00f3 Moretti.<\/p>\n<p>&nbsp;<\/p>\n<p><img data-recalc-dims=\"1\" loading=\"lazy\" decoding=\"async\" class=\"size-full wp-image-54464 aligncenter\" src=\"https:\/\/i0.wp.com\/cdnoticias.com\/wp-content\/uploads\/2022\/05\/Axel-Kicillof-Pablo-Lopez-Marina-Moretti1.jpg?resize=800%2C445&#038;ssl=1\" alt=\"\" width=\"800\" height=\"445\" srcset=\"https:\/\/i0.wp.com\/cdnoticias.com\/wp-content\/uploads\/2022\/05\/Axel-Kicillof-Pablo-Lopez-Marina-Moretti1.jpg?w=800&amp;ssl=1 800w, https:\/\/i0.wp.com\/cdnoticias.com\/wp-content\/uploads\/2022\/05\/Axel-Kicillof-Pablo-Lopez-Marina-Moretti1.jpg?resize=300%2C167&amp;ssl=1 300w, https:\/\/i0.wp.com\/cdnoticias.com\/wp-content\/uploads\/2022\/05\/Axel-Kicillof-Pablo-Lopez-Marina-Moretti1.jpg?resize=768%2C427&amp;ssl=1 768w\" sizes=\"auto, (max-width: 800px) 100vw, 800px\" \/><\/p>\n<p>&nbsp;<\/p>\n<p><strong>En el caso de las jubilaciones y pensiones m\u00ednimas, el aumento ser\u00e1 del 50% y permitir\u00e1 pasar de los 14.040 pesos actuales a 21.060 pesos.<\/strong> Alcanzar\u00e1 a 7.347 personas que representan el 2,6% de los beneficiarios del IPS, organismo en el cual el haber promedio mensual de las jubilaciones asciende a los 112.506,72 pesos.<\/p>\n<p>&nbsp;<\/p>\n<p>Asimismo, <strong>se otorgar\u00e1 un bono m\u00f3vil de hasta 10 mil pesos a 26.975 bonaerenses que cobran jubilaciones y pensiones contributivas<\/strong> menores a los 38 mil pesos.<\/p>\n<p>&nbsp;<\/p>\n<p>Por otra parte,<strong> las pensiones no contributivas que perciben menores de 21 a\u00f1os se incrementar\u00e1n un 76,4%<\/strong> para ascender a los 12.636 pesos, mientras que las del r\u00e9gimen general ser\u00e1n de 8.845,20 pesos.<\/p>\n<p>&nbsp;<\/p>\n<p>Adicionalmente,<strong> la Provincia entregar\u00e1 un bono de 6 mil pesos<\/strong> destinado a 24.800 beneficiarios de pensiones no contributivas.<\/p>\n<p>&nbsp;<\/p>\n","protected":false},"excerpt":{"rendered":"<p>Tambi\u00e9n la implementaci\u00f3n de bonos que reforzar\u00e1n este mes el incremento previsional. El gobernador se reuni\u00f3 con el ministro de<\/p>\n","protected":false},"author":4,"featured_media":54463,"comment_status":"closed","ping_status":"closed","sticky":false,"template":"","format":"standard","meta":{"_jetpack_memberships_contains_paid_content":false,"footnotes":""},"categories":[6],"tags":[],"class_list":["post-54462","post","type-post","status-publish","format-standard","has-post-thumbnail","hentry","category-nacionales"],"jetpack_featured_media_url":"https:\/\/i0.wp.com\/cdnoticias.com\/wp-content\/uploads\/2022\/05\/Axel-Kicillof-Pablo-Lopez-Marina-Moretti.jpg?fit=800%2C445&ssl=1","jetpack_sharing_enabled":true,"_links":{"self":[{"href":"https:\/\/cdnoticias.com\/index.php\/wp-json\/wp\/v2\/posts\/54462","targetHints":{"allow":["GET"]}}],"collection":[{"href":"https:\/\/cdnoticias.com\/index.php\/wp-json\/wp\/v2\/posts"}],"about":[{"href":"https:\/\/cdnoticias.com\/index.php\/wp-json\/wp\/v2\/types\/post"}],"author":[{"embeddable":true,"href":"https:\/\/cdnoticias.com\/index.php\/wp-json\/wp\/v2\/users\/4"}],"replies":[{"embeddable":true,"href":"https:\/\/cdnoticias.com\/index.php\/wp-json\/wp\/v2\/comments?post=54462"}],"version-history":[{"count":0,"href":"https:\/\/cdnoticias.com\/index.php\/wp-json\/wp\/v2\/posts\/54462\/revisions"}],"wp:featuredmedia":[{"embeddable":true,"href":"https:\/\/cdnoticias.com\/index.php\/wp-json\/wp\/v2\/media\/54463"}],"wp:attachment":[{"href":"https:\/\/cdnoticias.com\/index.php\/wp-json\/wp\/v2\/media?parent=54462"}],"wp:term":[{"taxonomy":"category","embeddable":true,"href":"https:\/\/cdnoticias.com\/index.php\/wp-json\/wp\/v2\/categories?post=54462"},{"taxonomy":"post_tag","embeddable":true,"href":"https:\/\/cdnoticias.com\/index.php\/wp-json\/wp\/v2\/tags?post=54462"}],"curies":[{"name":"wp","href":"https:\/\/api.w.org\/{rel}","templated":true}]}}