{"id":54418,"date":"2022-05-12T08:18:57","date_gmt":"2022-05-12T11:18:57","guid":{"rendered":"https:\/\/www.centraldenoticias.com.ar\/?p=54418"},"modified":"2022-05-12T09:21:24","modified_gmt":"2022-05-12T12:21:24","slug":"los-ex-trabajadores-de-ola-bus-seran-recibidos-en-la-municipalidad","status":"publish","type":"post","link":"https:\/\/cdnoticias.com\/index.php\/2022\/05\/12\/los-ex-trabajadores-de-ola-bus-seran-recibidos-en-la-municipalidad\/","title":{"rendered":"Los ex trabajadores de Ola Bus ser\u00e1n recibidos en la Municipalidad"},"content":{"rendered":"<p>Pidieron la reuni\u00f3n en el marco del reclamo por la falta de pago de los salarios de abril. El encuentro se har\u00e1 en la ma\u00f1ana de este jueves.<!--more--><\/p>\n<hr \/>\n<p><strong>Ex empleado de la empresa Ola Bus advirtieron el mi\u00e9rcoles que a\u00fan no han percibido el sueldo correspondiente al mes de abril<\/strong> y <a href=\"https:\/\/cdnoticias.com\/index.php\/2022\/05\/11\/ex-empleados-de-ola-bus-denuncian-que-no-cobraron-el-sueldo-de-abril\/\" target=\"_blank\" rel=\"noopener\">en ese marco adelantaron la posibilidad de iniciar una medida de fuerza<\/a>.<\/p>\n<p>&nbsp;<\/p>\n<blockquote><p>En ese marco, se pudo saber que solicitaron una reuni\u00f3n con el Ejecutivo municipal y que tuvieron respuesta positiva: ser\u00e1n recibidos este jueves a las 10 en el Palacio San Mart\u00edn.<\/p><\/blockquote>\n<p>&nbsp;<\/p>\n<p>En la noche del mi\u00e9rcoles llevaron adelante <strong>una asamblea en la que definieron los pasos a seguir<\/strong>. Son unos 20 trabajadores, entre choferes y mec\u00e1nicos, afectados por la falta de pago de los sueldos del mes pasado, y los proporcionales de aguinaldos y vacaciones.<\/p>\n<p>&nbsp;<\/p>\n<p>Es que <strong>fue el \u00faltimo mes que se desempe\u00f1aron para Ola Bus y desde este mes pasaron a la nueva prestadora del servicio de transporte interurbano<\/strong>, Las Sierras SRL. Seg\u00fan expusieron, no recibieron respuesta por parte del titular de concesionaria anterior y ante ese panorama no descartaron avanzar con paro: <em>\u201cpedimos disculpas a usuarios y a los nuevos due\u00f1os de Las Sierras que nada tienen que ver con el conflicto\u201d<\/em> hab\u00edan expresado este mi\u00e9rcoles.<\/p>\n","protected":false},"excerpt":{"rendered":"<p>Pidieron la reuni\u00f3n en el marco del reclamo por la falta de pago de los salarios de abril. El encuentro<\/p>\n","protected":false},"author":4,"featured_media":12279,"comment_status":"closed","ping_status":"closed","sticky":false,"template":"","format":"standard","meta":{"_jetpack_memberships_contains_paid_content":false,"footnotes":""},"categories":[5,1],"tags":[],"class_list":["post-54418","post","type-post","status-publish","format-standard","has-post-thumbnail","hentry","category-informacion-general","category-portada"],"jetpack_featured_media_url":"https:\/\/i0.wp.com\/cdnoticias.com\/wp-content\/uploads\/2021\/01\/ola-bus-transporte01.jpg?fit=1000%2C555&ssl=1","jetpack_sharing_enabled":true,"_links":{"self":[{"href":"https:\/\/cdnoticias.com\/index.php\/wp-json\/wp\/v2\/posts\/54418","targetHints":{"allow":["GET"]}}],"collection":[{"href":"https:\/\/cdnoticias.com\/index.php\/wp-json\/wp\/v2\/posts"}],"about":[{"href":"https:\/\/cdnoticias.com\/index.php\/wp-json\/wp\/v2\/types\/post"}],"author":[{"embeddable":true,"href":"https:\/\/cdnoticias.com\/index.php\/wp-json\/wp\/v2\/users\/4"}],"replies":[{"embeddable":true,"href":"https:\/\/cdnoticias.com\/index.php\/wp-json\/wp\/v2\/comments?post=54418"}],"version-history":[{"count":0,"href":"https:\/\/cdnoticias.com\/index.php\/wp-json\/wp\/v2\/posts\/54418\/revisions"}],"wp:featuredmedia":[{"embeddable":true,"href":"https:\/\/cdnoticias.com\/index.php\/wp-json\/wp\/v2\/media\/12279"}],"wp:attachment":[{"href":"https:\/\/cdnoticias.com\/index.php\/wp-json\/wp\/v2\/media?parent=54418"}],"wp:term":[{"taxonomy":"category","embeddable":true,"href":"https:\/\/cdnoticias.com\/index.php\/wp-json\/wp\/v2\/categories?post=54418"},{"taxonomy":"post_tag","embeddable":true,"href":"https:\/\/cdnoticias.com\/index.php\/wp-json\/wp\/v2\/tags?post=54418"}],"curies":[{"name":"wp","href":"https:\/\/api.w.org\/{rel}","templated":true}]}}