{"id":54412,"date":"2022-05-11T20:47:02","date_gmt":"2022-05-11T23:47:02","guid":{"rendered":"https:\/\/www.centraldenoticias.com.ar\/?p=54412"},"modified":"2022-05-11T20:47:02","modified_gmt":"2022-05-11T23:47:02","slug":"copebo-entrego-una-bandera-argentina-en-la-ees-n-14","status":"publish","type":"post","link":"https:\/\/cdnoticias.com\/index.php\/2022\/05\/11\/copebo-entrego-una-bandera-argentina-en-la-ees-n-14\/","title":{"rendered":"CoPeBo entreg\u00f3 una bandera Argentina en la EES N\u00b014"},"content":{"rendered":"<p>Ser\u00e1 izada en los pr\u00f3ximos d\u00edas en su sede de calle Piedras y avenida Del Valle.<!--more--><\/p>\n<hr \/>\n<p>La agrupaci\u00f3n pol\u00edtica de la<strong> Corriente de Pensamiento Bonaerense de Olavarria (CoPeBo), estuvo presente en la EES N\u00b014<\/strong>, donde a trav\u00e9s de una de las referentes del barrio, Stella Zelaya, e<strong>ntregaron una bandera Argentina para poder ser izada en los pr\u00f3ximos d\u00edas en su sede de calle Piedras y Avda Del Valle.<\/strong><\/p>\n<p>&nbsp;<\/p>\n<p>En la entrega, cabe se\u00f1alar, <strong>estuvieron presentes la directora de la instituci\u00f3n Yamila Aguirrezabala, el vicedirector Gustavo Andia y la secretar\u00eda Ana Achiorno.<\/strong><\/p>\n<p>&nbsp;<\/p>\n<p>De esta manera la<strong> agrupaci\u00f3n que tiene referencia en Marcelo Latorre<\/strong> <em>\u201cseguir\u00e1 colaborando con otras instituciones educativas del Partido de Olavarr\u00eda\u201d.<\/em><\/p>\n","protected":false},"excerpt":{"rendered":"<p>Ser\u00e1 izada en los pr\u00f3ximos d\u00edas en su sede de calle Piedras y avenida Del Valle.<\/p>\n","protected":false},"author":2,"featured_media":54414,"comment_status":"closed","ping_status":"closed","sticky":false,"template":"","format":"standard","meta":{"_jetpack_memberships_contains_paid_content":false,"footnotes":""},"categories":[5],"tags":[],"class_list":["post-54412","post","type-post","status-publish","format-standard","has-post-thumbnail","hentry","category-informacion-general"],"jetpack_featured_media_url":"https:\/\/i0.wp.com\/cdnoticias.com\/wp-content\/uploads\/2022\/05\/WhatsApp-Image-2022-05-11-at-1.55.19-PM.jpeg?fit=1280%2C960&ssl=1","jetpack_sharing_enabled":true,"_links":{"self":[{"href":"https:\/\/cdnoticias.com\/index.php\/wp-json\/wp\/v2\/posts\/54412","targetHints":{"allow":["GET"]}}],"collection":[{"href":"https:\/\/cdnoticias.com\/index.php\/wp-json\/wp\/v2\/posts"}],"about":[{"href":"https:\/\/cdnoticias.com\/index.php\/wp-json\/wp\/v2\/types\/post"}],"author":[{"embeddable":true,"href":"https:\/\/cdnoticias.com\/index.php\/wp-json\/wp\/v2\/users\/2"}],"replies":[{"embeddable":true,"href":"https:\/\/cdnoticias.com\/index.php\/wp-json\/wp\/v2\/comments?post=54412"}],"version-history":[{"count":0,"href":"https:\/\/cdnoticias.com\/index.php\/wp-json\/wp\/v2\/posts\/54412\/revisions"}],"wp:featuredmedia":[{"embeddable":true,"href":"https:\/\/cdnoticias.com\/index.php\/wp-json\/wp\/v2\/media\/54414"}],"wp:attachment":[{"href":"https:\/\/cdnoticias.com\/index.php\/wp-json\/wp\/v2\/media?parent=54412"}],"wp:term":[{"taxonomy":"category","embeddable":true,"href":"https:\/\/cdnoticias.com\/index.php\/wp-json\/wp\/v2\/categories?post=54412"},{"taxonomy":"post_tag","embeddable":true,"href":"https:\/\/cdnoticias.com\/index.php\/wp-json\/wp\/v2\/tags?post=54412"}],"curies":[{"name":"wp","href":"https:\/\/api.w.org\/{rel}","templated":true}]}}