{"id":54389,"date":"2022-05-11T18:46:40","date_gmt":"2022-05-11T21:46:40","guid":{"rendered":"https:\/\/www.centraldenoticias.com.ar\/?p=54389"},"modified":"2022-05-11T18:46:40","modified_gmt":"2022-05-11T21:46:40","slug":"caa-la-oposicion-desmintio-a-argeri-y-lo-acuso-de-hacer-campana-con-recursos-de-la-institucion","status":"publish","type":"post","link":"https:\/\/cdnoticias.com\/index.php\/2022\/05\/11\/caa-la-oposicion-desmintio-a-argeri-y-lo-acuso-de-hacer-campana-con-recursos-de-la-institucion\/","title":{"rendered":"CAA: la oposici\u00f3n desminti\u00f3 a Argeri y lo acus\u00f3 de \u201chacer campa\u00f1a con recursos de la instituci\u00f3n\u201d"},"content":{"rendered":"<p>Denunciaron que el candidato y actual presidente del Colegio de Abogados de Azul \u201cutiliza recursos propios del Colegio para dar difusi\u00f3n a actos de campa\u00f1a de su propia lista\u201d. <!--more--><\/p>\n<hr \/>\n<p>Tras los<a href=\"https:\/\/cdnoticias.com\/index.php\/2022\/05\/11\/gaston-argeri-la-lista-opositora-ha-recurrido-al-agravio-y-al-destrato\/\" target=\"_blank\" rel=\"noopener\"> dichos del actual presidente y candidato a renovar la presidencia del Colegio de Abogados de Azul, Gast\u00f3n Argeri,<\/a> <strong>la Lista 8 Alternancia emiti\u00f3 un duro comunicado en el que desminti\u00f3 sus dichos y lo acus\u00f3 de utilizar<em> \u201crecursos propios\u201d<\/em> del Colegio para realizar <em>\u201ccampa\u00f1a de su propia lista\u201d.<\/em><\/strong><\/p>\n<p>&nbsp;<\/p>\n<blockquote><p><em>\u201cDesmentimos los dichos vertidos por el actual presidente del Colegio de Abogados Dr. Argeri, quien refiere que nuestra campa\u00f1a se base en la mala fe, agravios, destratos, mentiras y ofensas\u201d<\/em> indicaron.<\/p><\/blockquote>\n<p>&nbsp;<\/p>\n<p>Aclararon que los integrantes y colaboradores de la lista opositora<strong><em> \u201cjam\u00e1s hemos vertidos dichos agraviantes, pues somos respetuosos de nuestros\/as colegas, y por sobre todo la Instituci\u00f3n a la que aspiramos representar\u201d.<\/em><\/strong><\/p>\n<p>&nbsp;<\/p>\n<p><em>\u201cLo sucedido en la ciudad de Olavarr\u00eda, que gener\u00f3 una reuni\u00f3n con abogados en la vereda de la sede de la Asociaci\u00f3n, fue como consecuencia de una<strong> notificaci\u00f3n recibida por mail a todos los presidentes de las Asociaciones de Abogados, enviados desde la Secretaria del Colegio, con fecha 4 de Mayo en el horario de las 17:30 horas, donde se indicaba que las sedes donde funcionan las Asociaciones, pertenecen al Colegio de Abogados, quien no autoriza la realizaci\u00f3n de reuniones, actos y \/o cualquier acto proselitista y\/o de campa\u00f1a con motivo de las elecciones<\/strong>\u201d<\/em> aclararon.<\/p>\n<p>&nbsp;<\/p>\n<p>Es por ello que no pudieron <em>\u201cdialogar con los abogados de cada una de las localidades que componen el Departamento Judicial de Azul\u201d.<\/em><\/p>\n<p>&nbsp;<\/p>\n<blockquote><p>\u201c<em>La lista 8 Alternancia pregona velar por la plena democracia y la libertad de expresi\u00f3n dentro de la Instituci\u00f3n que nos nuclea\u201d.<\/em><\/p><\/blockquote>\n<p>&nbsp;<\/p>\n<p>Pero adem\u00e1s, <strong>acusaron a Argeri y la Lista 1 Integraci\u00f3n de<em> \u201cutilizar los recursos propios del Colegio de Abogados de Azul, entre ellos el Equipo de Comunicaci\u00f3n del Colegio y la casilla de mail institucional prensa@colegioabogadosazul.org.ar, para dar difusi\u00f3n a actos de campa\u00f1a de su propia lista\u201d.<\/em><\/strong><\/p>\n<p>&nbsp;<\/p>\n<p>Catalogaron esta situaci\u00f3n de una<em> \u201cclara desventaja en el modo de campa\u00f1a y difusi\u00f3n de la misma, con la actual conducci\u00f3n\u201d.<\/em><\/p>\n<p>&nbsp;<\/p>\n<p>Finalmente, pidieron que una vez finalizados los comicios de este jueves que<strong><em> \u201cel Consejo Directivo del Colegio funcione de manera cordial, sin confrontaciones y en unidad para el beneficio de los y las colegiados\u201d.<\/em><\/strong><\/p>\n","protected":false},"excerpt":{"rendered":"<p>Denunciaron que el candidato y actual presidente del Colegio de Abogados de Azul \u201cutiliza recursos propios del Colegio para dar<\/p>\n","protected":false},"author":2,"featured_media":53634,"comment_status":"closed","ping_status":"closed","sticky":false,"template":"","format":"standard","meta":{"_jetpack_memberships_contains_paid_content":false,"footnotes":""},"categories":[4,1],"tags":[],"class_list":["post-54389","post","type-post","status-publish","format-standard","has-post-thumbnail","hentry","category-politica","category-portada"],"jetpack_featured_media_url":"https:\/\/i0.wp.com\/cdnoticias.com\/wp-content\/uploads\/2022\/05\/lista-colegio-abogados6-scaled.jpg?fit=2560%2C1536&ssl=1","jetpack_sharing_enabled":true,"_links":{"self":[{"href":"https:\/\/cdnoticias.com\/index.php\/wp-json\/wp\/v2\/posts\/54389","targetHints":{"allow":["GET"]}}],"collection":[{"href":"https:\/\/cdnoticias.com\/index.php\/wp-json\/wp\/v2\/posts"}],"about":[{"href":"https:\/\/cdnoticias.com\/index.php\/wp-json\/wp\/v2\/types\/post"}],"author":[{"embeddable":true,"href":"https:\/\/cdnoticias.com\/index.php\/wp-json\/wp\/v2\/users\/2"}],"replies":[{"embeddable":true,"href":"https:\/\/cdnoticias.com\/index.php\/wp-json\/wp\/v2\/comments?post=54389"}],"version-history":[{"count":0,"href":"https:\/\/cdnoticias.com\/index.php\/wp-json\/wp\/v2\/posts\/54389\/revisions"}],"wp:featuredmedia":[{"embeddable":true,"href":"https:\/\/cdnoticias.com\/index.php\/wp-json\/wp\/v2\/media\/53634"}],"wp:attachment":[{"href":"https:\/\/cdnoticias.com\/index.php\/wp-json\/wp\/v2\/media?parent=54389"}],"wp:term":[{"taxonomy":"category","embeddable":true,"href":"https:\/\/cdnoticias.com\/index.php\/wp-json\/wp\/v2\/categories?post=54389"},{"taxonomy":"post_tag","embeddable":true,"href":"https:\/\/cdnoticias.com\/index.php\/wp-json\/wp\/v2\/tags?post=54389"}],"curies":[{"name":"wp","href":"https:\/\/api.w.org\/{rel}","templated":true}]}}