{"id":54384,"date":"2022-05-13T13:21:47","date_gmt":"2022-05-13T16:21:47","guid":{"rendered":"https:\/\/www.centraldenoticias.com.ar\/?p=54384"},"modified":"2022-05-13T13:21:47","modified_gmt":"2022-05-13T16:21:47","slug":"cine-cafe-en-la-alianza-francesa-olavarria","status":"publish","type":"post","link":"https:\/\/cdnoticias.com\/index.php\/2022\/05\/13\/cine-cafe-en-la-alianza-francesa-olavarria\/","title":{"rendered":"Cine Caf\u00e9 en la Alianza Francesa Olavarr\u00eda"},"content":{"rendered":"<p>Ser\u00e1 este viernes 13 de mayo a las 20:30. Se proyectar\u00e1 la pel\u00edcula &#8220;Bajo el cielo del L\u00edbano&#8221;. <!--more--><\/p>\n<hr \/>\n<p>Este<strong> viernes 13 de mayo a las 20:30<\/strong> regresa el <strong>Ciclo de Cine Franc\u00e9s a la Alianza Francesa,<\/strong> ubicada en la calle<strong> Dorrego 3161.<\/strong><\/p>\n<p>&nbsp;<\/p>\n<p>Se <strong>proyectar\u00e1 la pel\u00edcula &#8220;Bajo el cielo del L\u00edbano&#8221;<\/strong> (2020) dirigida por Chlo\u00e9 Mazlo. Durante la proyecci\u00f3n, se podr\u00e1 degustar de un caf\u00e9 acompa\u00f1ado con bocaditos dulces.<\/p>\n<p>&nbsp;<\/p>\n<p>El drama franc\u00e9s se da en los a\u00f1os cincuenta. La\u00a0joven Alice decide abandonar las monta\u00f1as de su Suiza natal para irse a vivir a la soleada y ajetreada costa de Beirut. All\u00ed se enamora locamente de Joseph, un peculiar astrof\u00edsico, que trabaja en el proyecto de enviar el primer cohete liban\u00e9s al espacio. Alice se integra en la familia de Joseph r\u00e1pidamente, pero tras a\u00f1os de felicidad, la guerra civil amenaza con empa\u00f1ar su vida.<\/p>\n<p>&nbsp;<\/p>\n<p><strong>El bono contribuci\u00f3n es de $250.<\/strong><\/p>\n<p>&nbsp;<\/p>\n<p>&nbsp;<\/p>\n","protected":false},"excerpt":{"rendered":"<p>Ser\u00e1 este viernes 13 de mayo a las 20:30. Se proyectar\u00e1 la pel\u00edcula &#8220;Bajo el cielo del L\u00edbano&#8221;.<\/p>\n","protected":false},"author":6,"featured_media":0,"comment_status":"closed","ping_status":"closed","sticky":false,"template":"","format":"standard","meta":{"_jetpack_memberships_contains_paid_content":false,"footnotes":""},"categories":[9,1],"tags":[],"class_list":["post-54384","post","type-post","status-publish","format-standard","hentry","category-cultura","category-portada"],"jetpack_featured_media_url":"","jetpack_sharing_enabled":true,"_links":{"self":[{"href":"https:\/\/cdnoticias.com\/index.php\/wp-json\/wp\/v2\/posts\/54384","targetHints":{"allow":["GET"]}}],"collection":[{"href":"https:\/\/cdnoticias.com\/index.php\/wp-json\/wp\/v2\/posts"}],"about":[{"href":"https:\/\/cdnoticias.com\/index.php\/wp-json\/wp\/v2\/types\/post"}],"author":[{"embeddable":true,"href":"https:\/\/cdnoticias.com\/index.php\/wp-json\/wp\/v2\/users\/6"}],"replies":[{"embeddable":true,"href":"https:\/\/cdnoticias.com\/index.php\/wp-json\/wp\/v2\/comments?post=54384"}],"version-history":[{"count":0,"href":"https:\/\/cdnoticias.com\/index.php\/wp-json\/wp\/v2\/posts\/54384\/revisions"}],"wp:attachment":[{"href":"https:\/\/cdnoticias.com\/index.php\/wp-json\/wp\/v2\/media?parent=54384"}],"wp:term":[{"taxonomy":"category","embeddable":true,"href":"https:\/\/cdnoticias.com\/index.php\/wp-json\/wp\/v2\/categories?post=54384"},{"taxonomy":"post_tag","embeddable":true,"href":"https:\/\/cdnoticias.com\/index.php\/wp-json\/wp\/v2\/tags?post=54384"}],"curies":[{"name":"wp","href":"https:\/\/api.w.org\/{rel}","templated":true}]}}