{"id":54366,"date":"2022-05-16T08:08:41","date_gmt":"2022-05-16T11:08:41","guid":{"rendered":"https:\/\/www.centraldenoticias.com.ar\/?p=54366"},"modified":"2022-05-16T08:19:14","modified_gmt":"2022-05-16T11:19:14","slug":"municipio-convoca-a-instituciones-para-celebrar-el-25-de-mayo","status":"publish","type":"post","link":"https:\/\/cdnoticias.com\/index.php\/2022\/05\/16\/municipio-convoca-a-instituciones-para-celebrar-el-25-de-mayo\/","title":{"rendered":"El Municipio convoca a instituciones para celebrar el 25 de Mayo"},"content":{"rendered":"<p>Se realizar\u00e1 el tradicional desfile que tendr\u00e1 lugar en la localidad de Sierra Chica. <!--more--><\/p>\n<hr \/>\n<p>&nbsp;<\/p>\n<p>El <strong>mi\u00e9rcoles 25 de Mayo se celebrar\u00e1 el 212\u00ba Aniversario de la Revoluci\u00f3n de Mayo.<\/strong> Para tal evento, la Municipalidad de Olavarr\u00eda <strong>convoca a instituciones que deseen participar del tradicional desfile,<\/strong> que tendr\u00e1 lugar en la localidad de Sierra Chica.<\/p>\n<p>&nbsp;<\/p>\n<p>De acuerdo al <strong>cronograma previsto por la Direcci\u00f3n de Ceremonial y Protocolo,<\/strong> a las 9:30 se realizar\u00e1 el izamiento de Bandera en la Escuela Primaria N\u00ba2, a las 10:00 el Tedeum se llevar\u00e1 a cabo en la Parroquia Nuestra Se\u00f1ora de Luj\u00e1n de la localidad y el desfile comenzar\u00e1 luego a las 11:00 en Avenida Vezza D\u2019Oglio al 800.<\/p>\n<p>&nbsp;<\/p>\n<p>Las instituciones de la comunidad que deseen participar,<strong> se pueden comunicar con el \u00e1rea<\/strong> a\u00a0<a href=\"mailto:ceremonialyprotocolo@olavarria.gov.ar\">ceremonialyprotocolo@olavarria.gov.ar<\/a><\/p>\n<p>&nbsp;<\/p>\n<p><strong>La celebraci\u00f3n culminar\u00e1 a las 20 con la Gala en el Teatro Municipal.<\/strong><\/p>\n","protected":false},"excerpt":{"rendered":"<p>Se realizar\u00e1 el tradicional desfile que tendr\u00e1 lugar en la localidad de Sierra Chica.<\/p>\n","protected":false},"author":6,"featured_media":54367,"comment_status":"closed","ping_status":"closed","sticky":false,"template":"","format":"standard","meta":{"_jetpack_memberships_contains_paid_content":false,"footnotes":""},"categories":[5,1],"tags":[],"class_list":["post-54366","post","type-post","status-publish","format-standard","has-post-thumbnail","hentry","category-informacion-general","category-portada"],"jetpack_featured_media_url":"https:\/\/i0.wp.com\/cdnoticias.com\/wp-content\/uploads\/2022\/05\/Desfile-9-de-Julio-1024x683-1.jpg?fit=1024%2C683&ssl=1","jetpack_sharing_enabled":true,"_links":{"self":[{"href":"https:\/\/cdnoticias.com\/index.php\/wp-json\/wp\/v2\/posts\/54366","targetHints":{"allow":["GET"]}}],"collection":[{"href":"https:\/\/cdnoticias.com\/index.php\/wp-json\/wp\/v2\/posts"}],"about":[{"href":"https:\/\/cdnoticias.com\/index.php\/wp-json\/wp\/v2\/types\/post"}],"author":[{"embeddable":true,"href":"https:\/\/cdnoticias.com\/index.php\/wp-json\/wp\/v2\/users\/6"}],"replies":[{"embeddable":true,"href":"https:\/\/cdnoticias.com\/index.php\/wp-json\/wp\/v2\/comments?post=54366"}],"version-history":[{"count":0,"href":"https:\/\/cdnoticias.com\/index.php\/wp-json\/wp\/v2\/posts\/54366\/revisions"}],"wp:featuredmedia":[{"embeddable":true,"href":"https:\/\/cdnoticias.com\/index.php\/wp-json\/wp\/v2\/media\/54367"}],"wp:attachment":[{"href":"https:\/\/cdnoticias.com\/index.php\/wp-json\/wp\/v2\/media?parent=54366"}],"wp:term":[{"taxonomy":"category","embeddable":true,"href":"https:\/\/cdnoticias.com\/index.php\/wp-json\/wp\/v2\/categories?post=54366"},{"taxonomy":"post_tag","embeddable":true,"href":"https:\/\/cdnoticias.com\/index.php\/wp-json\/wp\/v2\/tags?post=54366"}],"curies":[{"name":"wp","href":"https:\/\/api.w.org\/{rel}","templated":true}]}}