{"id":54326,"date":"2022-05-12T17:12:45","date_gmt":"2022-05-12T20:12:45","guid":{"rendered":"https:\/\/www.centraldenoticias.com.ar\/?p=54326"},"modified":"2022-05-12T17:14:45","modified_gmt":"2022-05-12T20:14:45","slug":"el-ministerio-de-educacion-envio-material-para-escuelas-rurales-de-olavarria","status":"publish","type":"post","link":"https:\/\/cdnoticias.com\/index.php\/2022\/05\/12\/el-ministerio-de-educacion-envio-material-para-escuelas-rurales-de-olavarria\/","title":{"rendered":"El ministerio de Educaci\u00f3n envi\u00f3 material para escuelas rurales de Olavarr\u00eda"},"content":{"rendered":"<p>Es en el marco del Operativo Aprender. Se trata de bibliograf\u00eda de Matem\u00e1ticas y Pr\u00e1cticas del Lenguaje. D\u00edas atr\u00e1s se reparti\u00f3 en escuelas de la planta urbana.<!--more--><\/p>\n<hr \/>\n<p>Consejeros Escolares del Frente de Todos informaron que en el marco del<strong> Operativo Aprender<\/strong>, el ministerio de Educaci\u00f3n de Naci\u00f3n envi\u00f3 al Consejo Escolar de Olavarr\u00eda, <em>bibliograf\u00eda de Matem\u00e1ticas y Pr\u00e1cticas del Lenguaje<\/em> destinada a estudiantes de escuelas rurales de nuestro distrito.<\/p>\n<p>&nbsp;<\/p>\n<p><strong>Mariana Mart\u00ednez<\/strong> destac\u00f3 que \u201ceste env\u00edo viene a fortalecer y complementar lo recepcionado y ya distribuido d\u00edas atr\u00e1s en las instituciones de la planta urbana. En los pr\u00f3ximos d\u00edas, <strong>las Escuelas Primarias: 16, 18, 19, 20, 25, 29, 34, 36, 37, 39, 47 y 61 ser\u00e1n notificadas y citadas para retirar el material<\/strong>\u201d.<\/p>\n<p>&nbsp;<\/p>\n<p><img data-recalc-dims=\"1\" loading=\"lazy\" decoding=\"async\" class=\"aligncenter size-full wp-image-54327\" src=\"https:\/\/i0.wp.com\/cdnoticias.com\/wp-content\/uploads\/2022\/05\/WhatsApp-Image-2022-05-11-at-11.16.39-AM.jpeg?resize=800%2C450&#038;ssl=1\" alt=\"\" width=\"800\" height=\"450\" srcset=\"https:\/\/i0.wp.com\/cdnoticias.com\/wp-content\/uploads\/2022\/05\/WhatsApp-Image-2022-05-11-at-11.16.39-AM.jpeg?w=1600&amp;ssl=1 1600w, https:\/\/i0.wp.com\/cdnoticias.com\/wp-content\/uploads\/2022\/05\/WhatsApp-Image-2022-05-11-at-11.16.39-AM.jpeg?resize=300%2C169&amp;ssl=1 300w, https:\/\/i0.wp.com\/cdnoticias.com\/wp-content\/uploads\/2022\/05\/WhatsApp-Image-2022-05-11-at-11.16.39-AM.jpeg?resize=1024%2C576&amp;ssl=1 1024w, https:\/\/i0.wp.com\/cdnoticias.com\/wp-content\/uploads\/2022\/05\/WhatsApp-Image-2022-05-11-at-11.16.39-AM.jpeg?resize=768%2C432&amp;ssl=1 768w, https:\/\/i0.wp.com\/cdnoticias.com\/wp-content\/uploads\/2022\/05\/WhatsApp-Image-2022-05-11-at-11.16.39-AM.jpeg?resize=1536%2C864&amp;ssl=1 1536w\" sizes=\"auto, (max-width: 800px) 100vw, 800px\" \/><\/p>\n<p>&nbsp;<\/p>\n<p>Adem\u00e1s indic\u00f3 que \u201cesta propuesta est\u00e1 orientada a <strong>recuperar y fortalecer la presencialidad plena, segura y continua<\/strong>, luego de dos a\u00f1os tan dif\u00edciles para el mundo entero\u201d.<\/p>\n<p>&nbsp;<\/p>\n<p>\u201cEl Ministerio de Educaci\u00f3n de la Naci\u00f3n propone, a trav\u00e9s de esta pol\u00edtica p\u00fablica, la <strong>distribuci\u00f3n de 8 millones de libros en nuestro pa\u00eds.<\/strong> Estas acciones no hacen m\u00e1s que corroborar lo que decimos d\u00eda a d\u00eda cuando hablamos de un Estado Presente nacional y provincial en Olavarr\u00eda\u201d, concluy\u00f3.<\/p>\n","protected":false},"excerpt":{"rendered":"<p>Es en el marco del Operativo Aprender. Se trata de bibliograf\u00eda de Matem\u00e1ticas y Pr\u00e1cticas del Lenguaje. D\u00edas atr\u00e1s se<\/p>\n","protected":false},"author":5,"featured_media":54328,"comment_status":"closed","ping_status":"closed","sticky":false,"template":"","format":"standard","meta":{"_jetpack_memberships_contains_paid_content":false,"footnotes":""},"categories":[5,1],"tags":[],"class_list":["post-54326","post","type-post","status-publish","format-standard","has-post-thumbnail","hentry","category-informacion-general","category-portada"],"jetpack_featured_media_url":"https:\/\/i0.wp.com\/cdnoticias.com\/wp-content\/uploads\/2022\/05\/WhatsApp-Image-2022-05-11-at-11.16.34-AM.jpeg?fit=1200%2C800&ssl=1","jetpack_sharing_enabled":true,"_links":{"self":[{"href":"https:\/\/cdnoticias.com\/index.php\/wp-json\/wp\/v2\/posts\/54326","targetHints":{"allow":["GET"]}}],"collection":[{"href":"https:\/\/cdnoticias.com\/index.php\/wp-json\/wp\/v2\/posts"}],"about":[{"href":"https:\/\/cdnoticias.com\/index.php\/wp-json\/wp\/v2\/types\/post"}],"author":[{"embeddable":true,"href":"https:\/\/cdnoticias.com\/index.php\/wp-json\/wp\/v2\/users\/5"}],"replies":[{"embeddable":true,"href":"https:\/\/cdnoticias.com\/index.php\/wp-json\/wp\/v2\/comments?post=54326"}],"version-history":[{"count":0,"href":"https:\/\/cdnoticias.com\/index.php\/wp-json\/wp\/v2\/posts\/54326\/revisions"}],"wp:featuredmedia":[{"embeddable":true,"href":"https:\/\/cdnoticias.com\/index.php\/wp-json\/wp\/v2\/media\/54328"}],"wp:attachment":[{"href":"https:\/\/cdnoticias.com\/index.php\/wp-json\/wp\/v2\/media?parent=54326"}],"wp:term":[{"taxonomy":"category","embeddable":true,"href":"https:\/\/cdnoticias.com\/index.php\/wp-json\/wp\/v2\/categories?post=54326"},{"taxonomy":"post_tag","embeddable":true,"href":"https:\/\/cdnoticias.com\/index.php\/wp-json\/wp\/v2\/tags?post=54326"}],"curies":[{"name":"wp","href":"https:\/\/api.w.org\/{rel}","templated":true}]}}