{"id":54306,"date":"2022-05-11T07:37:00","date_gmt":"2022-05-11T10:37:00","guid":{"rendered":"https:\/\/www.centraldenoticias.com.ar\/?p=54306"},"modified":"2022-05-11T07:37:00","modified_gmt":"2022-05-11T10:37:00","slug":"roque-eduardo-perla-roquito-q-e-p-d","status":"publish","type":"post","link":"https:\/\/cdnoticias.com\/index.php\/2022\/05\/11\/roque-eduardo-perla-roquito-q-e-p-d\/","title":{"rendered":"Roque Eduardo Perla \u201cRoquito\u201d (Q.E.P.D.)"},"content":{"rendered":"<p>Falleci\u00f3 en Olavarr\u00eda el 10 de mayo a los 78 a\u00f1os. Su esposa Amelia Silvia Suazo; sus hijos Sonia, David y Ver\u00f3nica Perla; sus hijos pol\u00edticos; sus nietos; sus hermanos; sus sobrinos y dem\u00e1s deudos participan su fallecimiento.<\/p>\n<p>&nbsp;<\/p>\n<p>Sus restos son velados en Sala &#8220;D&#8221; de Espa\u00f1a 2942 este mi\u00e9rcoles 11 de mayo de 7:00 a 15:30 y ser\u00e1n inhumados en este cementerio Loma de Paz a las 15:30, previo responso en la capilla ardiente. Vecino de barrio Mart\u00edn Fierro. Jubilado y Pastor Evang\u00e9lico.<\/p>\n","protected":false},"excerpt":{"rendered":"<p>Falleci\u00f3 en Olavarr\u00eda el 10 de mayo a los 78 a\u00f1os. Su esposa Amelia Silvia Suazo; sus hijos Sonia, David<\/p>\n","protected":false},"author":5,"featured_media":51544,"comment_status":"closed","ping_status":"closed","sticky":false,"template":"","format":"standard","meta":{"_jetpack_memberships_contains_paid_content":false,"footnotes":""},"categories":[10],"tags":[],"class_list":["post-54306","post","type-post","status-publish","format-standard","has-post-thumbnail","hentry","category-necrologicas"],"jetpack_featured_media_url":"https:\/\/i0.wp.com\/cdnoticias.com\/wp-content\/uploads\/2022\/04\/necrologicas-390-x-240.jpg?fit=390%2C240&ssl=1","jetpack_sharing_enabled":true,"_links":{"self":[{"href":"https:\/\/cdnoticias.com\/index.php\/wp-json\/wp\/v2\/posts\/54306","targetHints":{"allow":["GET"]}}],"collection":[{"href":"https:\/\/cdnoticias.com\/index.php\/wp-json\/wp\/v2\/posts"}],"about":[{"href":"https:\/\/cdnoticias.com\/index.php\/wp-json\/wp\/v2\/types\/post"}],"author":[{"embeddable":true,"href":"https:\/\/cdnoticias.com\/index.php\/wp-json\/wp\/v2\/users\/5"}],"replies":[{"embeddable":true,"href":"https:\/\/cdnoticias.com\/index.php\/wp-json\/wp\/v2\/comments?post=54306"}],"version-history":[{"count":0,"href":"https:\/\/cdnoticias.com\/index.php\/wp-json\/wp\/v2\/posts\/54306\/revisions"}],"wp:featuredmedia":[{"embeddable":true,"href":"https:\/\/cdnoticias.com\/index.php\/wp-json\/wp\/v2\/media\/51544"}],"wp:attachment":[{"href":"https:\/\/cdnoticias.com\/index.php\/wp-json\/wp\/v2\/media?parent=54306"}],"wp:term":[{"taxonomy":"category","embeddable":true,"href":"https:\/\/cdnoticias.com\/index.php\/wp-json\/wp\/v2\/categories?post=54306"},{"taxonomy":"post_tag","embeddable":true,"href":"https:\/\/cdnoticias.com\/index.php\/wp-json\/wp\/v2\/tags?post=54306"}],"curies":[{"name":"wp","href":"https:\/\/api.w.org\/{rel}","templated":true}]}}