{"id":54269,"date":"2022-05-11T17:05:34","date_gmt":"2022-05-11T20:05:34","guid":{"rendered":"https:\/\/www.centraldenoticias.com.ar\/?p=54269"},"modified":"2022-05-11T17:05:34","modified_gmt":"2022-05-11T20:05:34","slug":"se-estreno-el-documental-obras-que-narran","status":"publish","type":"post","link":"https:\/\/cdnoticias.com\/index.php\/2022\/05\/11\/se-estreno-el-documental-obras-que-narran\/","title":{"rendered":"Se estren\u00f3 el documental \u201cObras que narran\u201d"},"content":{"rendered":"<p>Fue en el Centro Cultural Universitario con una gran convocatoria. Los detalles. <!--more--><\/p>\n<hr \/>\n<p>&nbsp;<\/p>\n<p>Este pasado <strong>viernes 6 de mayo se estren\u00f3 en el Centro Cultural Universitario<\/strong> y ante un<strong> gran marco de p\u00fablico<\/strong> <em>&#8220;Obras que narran. El patrimonio olavarriense desde expresiones art\u00edsticas locales\u201d<\/em>, un documental creado a trav\u00e9s del Programa PATRIMONIA (INCUAPA-UNICEN) y el Observatorio de Patrimonio Cultural de la Facultad de Ciencias Sociales.<\/p>\n<p>&nbsp;<\/p>\n<p><strong>\u201cObras que narran\u201d<\/strong> es una propuesta que busca reconocer la puesta en valor del patrimonio local a partir de las creaciones y significados que construyen cuatro artistas de reconocida trayectoria p\u00fablica que basan su obra, principalmente, en <strong>reivindicar la identidad, la memoria y la historia del Partido de Olavarr\u00eda.<\/strong> Se trata de <strong>Daniel Fitte, Mauricio D\u2019Amico, Nora Sarazola y Juan Ignacio Cardiello.<\/strong><\/p>\n<p>&nbsp;<\/p>\n<p><img data-recalc-dims=\"1\" loading=\"lazy\" decoding=\"async\" class=\"aligncenter wp-image-54270 size-full\" src=\"https:\/\/i0.wp.com\/cdnoticias.com\/wp-content\/uploads\/2022\/05\/documental-5.jpg?resize=800%2C510&#038;ssl=1\" alt=\"\" width=\"800\" height=\"510\" srcset=\"https:\/\/i0.wp.com\/cdnoticias.com\/wp-content\/uploads\/2022\/05\/documental-5.jpg?w=1000&amp;ssl=1 1000w, https:\/\/i0.wp.com\/cdnoticias.com\/wp-content\/uploads\/2022\/05\/documental-5.jpg?resize=300%2C191&amp;ssl=1 300w, https:\/\/i0.wp.com\/cdnoticias.com\/wp-content\/uploads\/2022\/05\/documental-5.jpg?resize=768%2C489&amp;ssl=1 768w\" sizes=\"auto, (max-width: 800px) 100vw, 800px\" \/><\/p>\n<p>&nbsp;<\/p>\n<p>La presentaci\u00f3n fue <strong>encabezada por la Dra. Mar\u00eda Vanesa Giacomasso,<\/strong> docente e investigadora de la FACSO. Precisamente la propuesta audiovisual forma parte de un proyecto de investigaci\u00f3n m\u00e1s amplio dirigido por la Dra. Giacomasso y desarrollado en el marco de la convocatoria para J\u00f3venes Investigadores (2021) de la Secretar\u00eda de Arte, Ciencia y Tecnolog\u00eda de la UNICEN (SECAT). Asimismo dio cuenta de la producci\u00f3n y creaci\u00f3n del documental su director, el T\u00e9cnico en Narraci\u00f3n Audiovisual Patricio Marino, quien coordina la <strong>productora audiovisual FACSO Producciones.<\/strong><\/p>\n<p>&nbsp;<\/p>\n<p><img data-recalc-dims=\"1\" loading=\"lazy\" decoding=\"async\" class=\"aligncenter wp-image-54273 size-full\" src=\"https:\/\/i0.wp.com\/cdnoticias.com\/wp-content\/uploads\/2022\/05\/documental-2.jpg?resize=800%2C500&#038;ssl=1\" alt=\"\" width=\"800\" height=\"500\" srcset=\"https:\/\/i0.wp.com\/cdnoticias.com\/wp-content\/uploads\/2022\/05\/documental-2.jpg?w=1000&amp;ssl=1 1000w, https:\/\/i0.wp.com\/cdnoticias.com\/wp-content\/uploads\/2022\/05\/documental-2.jpg?resize=300%2C188&amp;ssl=1 300w, https:\/\/i0.wp.com\/cdnoticias.com\/wp-content\/uploads\/2022\/05\/documental-2.jpg?resize=768%2C480&amp;ssl=1 768w\" sizes=\"auto, (max-width: 800px) 100vw, 800px\" \/><\/p>\n<p>&nbsp;<\/p>\n<p>En el evento<strong> estuvieron presentes autoridades de la Facultad de Ciencias Sociales,<\/strong> la Decana Lic. Gabriela Gamberini y la Vicedecana Dra. Mar\u00eda Luz Endere, quien adem\u00e1s como directora del equipo PATRIMONIA y del Observatorio de Patrimonio Cultural se refiri\u00f3 al programa de la SECAT y al proyecto original del cual se desprende el documental. Tambi\u00e9n acompa\u00f1\u00f3 el estreno el Secretario de Extensi\u00f3n, Bienestar y Transferencia, Lic. Nicol\u00e1s Casado y por la <strong>Municipalidad de Olavarr\u00eda<\/strong> la Directora de Gesti\u00f3n Cultural, Lic. Agustina Marino.<\/p>\n<p>&nbsp;<\/p>\n<p>Luego de la reproducci\u00f3n del documental, <strong>los cuatro artistas protagonistas compartieron sus experiencias y reflexiones<\/strong> acerca de sus obras en relaci\u00f3n con el patrimonio de Olavarr\u00eda, haciendo especial \u00e9nfasis en su conexi\u00f3n con el paisaje local.<\/p>\n<p>&nbsp;<\/p>\n<p><img data-recalc-dims=\"1\" loading=\"lazy\" decoding=\"async\" class=\"aligncenter wp-image-54272 size-full\" src=\"https:\/\/i0.wp.com\/cdnoticias.com\/wp-content\/uploads\/2022\/05\/documental-3.jpg?resize=800%2C514&#038;ssl=1\" alt=\"\" width=\"800\" height=\"514\" srcset=\"https:\/\/i0.wp.com\/cdnoticias.com\/wp-content\/uploads\/2022\/05\/documental-3.jpg?w=1000&amp;ssl=1 1000w, https:\/\/i0.wp.com\/cdnoticias.com\/wp-content\/uploads\/2022\/05\/documental-3.jpg?resize=300%2C193&amp;ssl=1 300w, https:\/\/i0.wp.com\/cdnoticias.com\/wp-content\/uploads\/2022\/05\/documental-3.jpg?resize=768%2C494&amp;ssl=1 768w\" sizes=\"auto, (max-width: 800px) 100vw, 800px\" \/><\/p>\n<p>&nbsp;<\/p>\n<p>El<strong> documental ya est\u00e1 disponible en los canales de YouTube<\/strong> de la productora FACSO Producciones, as\u00ed como tambi\u00e9n en la <strong>red social Instagram<\/strong> del Observatorio de Patrimonio Cultural (@Obser.Pat.Cultural-FACSO).<\/p>\n<p>&nbsp;<\/p>\n<p><img data-recalc-dims=\"1\" loading=\"lazy\" decoding=\"async\" class=\"aligncenter wp-image-54271 size-full\" src=\"https:\/\/i0.wp.com\/cdnoticias.com\/wp-content\/uploads\/2022\/05\/documental-4.jpg?resize=800%2C478&#038;ssl=1\" alt=\"\" width=\"800\" height=\"478\" srcset=\"https:\/\/i0.wp.com\/cdnoticias.com\/wp-content\/uploads\/2022\/05\/documental-4.jpg?w=1000&amp;ssl=1 1000w, https:\/\/i0.wp.com\/cdnoticias.com\/wp-content\/uploads\/2022\/05\/documental-4.jpg?resize=300%2C179&amp;ssl=1 300w, https:\/\/i0.wp.com\/cdnoticias.com\/wp-content\/uploads\/2022\/05\/documental-4.jpg?resize=768%2C458&amp;ssl=1 768w\" sizes=\"auto, (max-width: 800px) 100vw, 800px\" \/><\/p>\n<p>&nbsp;<\/p>\n<p>A trav\u00e9s de su divulgaci\u00f3n y comunicaci\u00f3n se espera que pueda llegar a un p\u00fablico amplio y diverso y sirva de insumo para reflexionar y dialogar sobre dos ejes fundamentales de la cultural local como son el arte y el patrimonio&#8221; se indic\u00f3.<\/p>\n","protected":false},"excerpt":{"rendered":"<p>Fue en el Centro Cultural Universitario con una gran convocatoria. Los detalles.<\/p>\n","protected":false},"author":6,"featured_media":54274,"comment_status":"closed","ping_status":"closed","sticky":false,"template":"","format":"standard","meta":{"_jetpack_memberships_contains_paid_content":false,"footnotes":""},"categories":[9,1],"tags":[],"class_list":["post-54269","post","type-post","status-publish","format-standard","has-post-thumbnail","hentry","category-cultura","category-portada"],"jetpack_featured_media_url":"https:\/\/i0.wp.com\/cdnoticias.com\/wp-content\/uploads\/2022\/05\/documental-1.jpg?fit=1000%2C573&ssl=1","jetpack_sharing_enabled":true,"_links":{"self":[{"href":"https:\/\/cdnoticias.com\/index.php\/wp-json\/wp\/v2\/posts\/54269","targetHints":{"allow":["GET"]}}],"collection":[{"href":"https:\/\/cdnoticias.com\/index.php\/wp-json\/wp\/v2\/posts"}],"about":[{"href":"https:\/\/cdnoticias.com\/index.php\/wp-json\/wp\/v2\/types\/post"}],"author":[{"embeddable":true,"href":"https:\/\/cdnoticias.com\/index.php\/wp-json\/wp\/v2\/users\/6"}],"replies":[{"embeddable":true,"href":"https:\/\/cdnoticias.com\/index.php\/wp-json\/wp\/v2\/comments?post=54269"}],"version-history":[{"count":0,"href":"https:\/\/cdnoticias.com\/index.php\/wp-json\/wp\/v2\/posts\/54269\/revisions"}],"wp:featuredmedia":[{"embeddable":true,"href":"https:\/\/cdnoticias.com\/index.php\/wp-json\/wp\/v2\/media\/54274"}],"wp:attachment":[{"href":"https:\/\/cdnoticias.com\/index.php\/wp-json\/wp\/v2\/media?parent=54269"}],"wp:term":[{"taxonomy":"category","embeddable":true,"href":"https:\/\/cdnoticias.com\/index.php\/wp-json\/wp\/v2\/categories?post=54269"},{"taxonomy":"post_tag","embeddable":true,"href":"https:\/\/cdnoticias.com\/index.php\/wp-json\/wp\/v2\/tags?post=54269"}],"curies":[{"name":"wp","href":"https:\/\/api.w.org\/{rel}","templated":true}]}}