{"id":54266,"date":"2022-05-12T07:52:31","date_gmt":"2022-05-12T10:52:31","guid":{"rendered":"https:\/\/www.centraldenoticias.com.ar\/?p=54266"},"modified":"2022-05-12T07:52:31","modified_gmt":"2022-05-12T10:52:31","slug":"giro-realizara-una-jornada-didactica-en-la-plaza-manuel-belgrano","status":"publish","type":"post","link":"https:\/\/cdnoticias.com\/index.php\/2022\/05\/12\/giro-realizara-una-jornada-didactica-en-la-plaza-manuel-belgrano\/","title":{"rendered":"GIRO realizar\u00e1 una jornada did\u00e1ctica en la plaza \u201cManuel Belgrano\u201d"},"content":{"rendered":"<p>Ser\u00e1 este jueves 12 desde las 10:00. El equipo de GIRO ense\u00f1ar\u00e1 c\u00f3mo separar los residuos org\u00e1nicos. <!--more--><\/p>\n<hr \/>\n<p>&nbsp;<\/p>\n<p>Desde la <strong>Direcci\u00f3n de Desarrollo Sustentable<\/strong> de la Municipalidad de Olavarr\u00eda se inform\u00f3 que se desarrollar\u00e1 una<strong> jornada did\u00e1ctica sobre el programa GIRO<\/strong> (Gesti\u00f3n Integral de Residuos de Olavarr\u00eda).<\/p>\n<p>&nbsp;<\/p>\n<p>El <strong>punto de encuentro ser\u00e1 en la plaza \u201cManuel Belgrano\u201d,<\/strong> ubicada en la calle <strong>Rivadavia entre Buchardo y Azopardo,<\/strong> en el barrio <strong>San Vicente este jueves 12 de 10 a 13.<\/strong><\/p>\n<p>&nbsp;<\/p>\n<p>A la par, <strong>se ofrecer\u00e1 material did\u00e1ctico<\/strong> para compartir entre quienes se acerquen. Adem\u00e1s, se entregar\u00e1n<strong> stickers, folletos e imanes<\/strong> con el <strong>nuevo calendario de recolecci\u00f3n y bolsas reutilizables de GIRO<\/strong>, entre otros elementos de inter\u00e9s.<\/p>\n<p>&nbsp;<\/p>\n<p>El <strong>equipo de GIRO ense\u00f1ar\u00e1 c\u00f3mo separar los residuos org\u00e1nicos<\/strong> (compostables) y los vecinos <strong>podr\u00e1n observar de primera mano un proceso de compostaje casero.<\/strong><\/p>\n<p>&nbsp;<\/p>\n<p>Para <strong>m\u00e1s informaci\u00f3n<\/strong> pueden comunicarse con la Direcci\u00f3n de Desarrollo Sustentable de la Secretar\u00eda de Desarrollo Econ\u00f3mico al <strong>tel\u00e9fono 412600,<\/strong> o bien por <strong>correo electr\u00f3nico<\/strong>, a trav\u00e9s de\u00a0<a href=\"mailto:gestionambiental@olavarria.gov.ar\" target=\"_blank\" rel=\"noopener\">gestionambiental@olavarria.gov.ar<\/a>.<\/p>\n<p>&nbsp;<\/p>\n<p><strong>Redes sociales<\/strong>:\u00a0@desarrollosustentableolavarria \u2013 @giro.olavarria.<\/p>\n","protected":false},"excerpt":{"rendered":"<p>Ser\u00e1 este jueves 12 desde las 10:00. El equipo de GIRO ense\u00f1ar\u00e1 c\u00f3mo separar los residuos org\u00e1nicos.<\/p>\n","protected":false},"author":6,"featured_media":22952,"comment_status":"closed","ping_status":"closed","sticky":false,"template":"","format":"standard","meta":{"_jetpack_memberships_contains_paid_content":false,"footnotes":""},"categories":[5,1],"tags":[],"class_list":["post-54266","post","type-post","status-publish","format-standard","has-post-thumbnail","hentry","category-informacion-general","category-portada"],"jetpack_featured_media_url":"https:\/\/i0.wp.com\/cdnoticias.com\/wp-content\/uploads\/2021\/06\/DS-Programa-GIRO.jpg?fit=564%2C372&ssl=1","jetpack_sharing_enabled":true,"_links":{"self":[{"href":"https:\/\/cdnoticias.com\/index.php\/wp-json\/wp\/v2\/posts\/54266","targetHints":{"allow":["GET"]}}],"collection":[{"href":"https:\/\/cdnoticias.com\/index.php\/wp-json\/wp\/v2\/posts"}],"about":[{"href":"https:\/\/cdnoticias.com\/index.php\/wp-json\/wp\/v2\/types\/post"}],"author":[{"embeddable":true,"href":"https:\/\/cdnoticias.com\/index.php\/wp-json\/wp\/v2\/users\/6"}],"replies":[{"embeddable":true,"href":"https:\/\/cdnoticias.com\/index.php\/wp-json\/wp\/v2\/comments?post=54266"}],"version-history":[{"count":0,"href":"https:\/\/cdnoticias.com\/index.php\/wp-json\/wp\/v2\/posts\/54266\/revisions"}],"wp:featuredmedia":[{"embeddable":true,"href":"https:\/\/cdnoticias.com\/index.php\/wp-json\/wp\/v2\/media\/22952"}],"wp:attachment":[{"href":"https:\/\/cdnoticias.com\/index.php\/wp-json\/wp\/v2\/media?parent=54266"}],"wp:term":[{"taxonomy":"category","embeddable":true,"href":"https:\/\/cdnoticias.com\/index.php\/wp-json\/wp\/v2\/categories?post=54266"},{"taxonomy":"post_tag","embeddable":true,"href":"https:\/\/cdnoticias.com\/index.php\/wp-json\/wp\/v2\/tags?post=54266"}],"curies":[{"name":"wp","href":"https:\/\/api.w.org\/{rel}","templated":true}]}}