{"id":5424,"date":"2020-11-02T11:54:40","date_gmt":"2020-11-02T14:54:40","guid":{"rendered":"http:\/\/www.centraldenoticias.com.ar\/?p=5424"},"modified":"2020-11-02T11:54:40","modified_gmt":"2020-11-02T14:54:40","slug":"vtv-retoman-la-atencion-en-el-mes-de-noviembre","status":"publish","type":"post","link":"https:\/\/cdnoticias.com\/index.php\/2020\/11\/02\/vtv-retoman-la-atencion-en-el-mes-de-noviembre\/","title":{"rendered":"VTV: retoman la atenci\u00f3n en el mes de noviembre"},"content":{"rendered":"<p>Ya se puede sacar turnos en las plantas de toda la Provincia de Buenos Aires para veh\u00edculos particulares. Se reprogram\u00f3 el esquema de vencimientos.<!--more--><\/p>\n<hr \/>\n<p>Tras cierres y diversas complicaciones producto de la pandemia, <strong>las plantas que realizan Verificaci\u00f3n T\u00e9cnica Vehicular (VTV) en la provincia de Buenos Aires volvieron a tomar turno, y retomar\u00e1n la atenci\u00f3n desde este mes a veh\u00edculos particulares.<\/strong><\/p>\n<p>&nbsp;<\/p>\n<blockquote><p>En esta etapa, quedar\u00e1n excluidos los destinados al transporte de pasajeros y cargas, a las fuerzas de seguridad y fuerzas armadas, a prestaciones y servicios de salud, al servicio especializado de transporte, incluidos los de excursi\u00f3n, contratados, marginal, privados y escolares.<\/p><\/blockquote>\n<p>&nbsp;<\/p>\n<p>Los veh\u00edculos cuyos vencimientos operaron durante marzo a octubre de este a\u00f1o y fueron prorrogados hasta el 31 de octubre <em>\u201cdeber\u00e1n tener vigente la VTV seg\u00fan un determinado esquema para poder circular\u201d<\/em>.<strong> Es decir, hubo toda una reprogramaci\u00f3n de los vencimientos.<\/strong><\/p>\n<p>&nbsp;<\/p>\n<p><strong>Quienes ten\u00edan caducidad en marzo y abril deber\u00e1n tener la VTV vigente al 30 de noviembre; los producidos entre mayo y junio deber\u00e1n tenerla vigente al 31 de diciembre; los vencimientos producidos entre julio y agosto deber\u00e1n tener la VTV vigente al 31 de enero; los producidos entre septiembre y octubre deber\u00e1n tenerla vigente al 28 de febrero de 2021.<\/strong><\/p>\n<p>&nbsp;<\/p>\n<p>En tanto, para los veh\u00edculos cuyo vencimiento se produce entre <strong>noviembre de 2020 y marzo de 2021 deber\u00e1n acudir a partir de ese mes de acuerdo al siguiente cronograma: marzo: vencimientos en noviembre y diciembre; abril: vencimiento en enero de 2021; mayo: vencimiento en febrero de 2021; y junio: vencimiento en marzo de 2021.<\/strong><\/p>\n<p>&nbsp;<\/p>\n<p>Desde el Gobierno se explic\u00f3 que a partir de este domingo la gente va a poder entrar a la p\u00e1gina web de la VTV -que deja de ser administrada por las empresas y la c\u00e1mara que las nuclea y pasa a manos de la Provincia- donde habr\u00e1 un sistema en el que los bonaerenses van a poder cargar sus datos y los de su veh\u00edculo para sacar el turno.<\/p>\n","protected":false},"excerpt":{"rendered":"<p>Ya se puede sacar turnos en las plantas de toda la Provincia de Buenos Aires para veh\u00edculos particulares. Se reprogram\u00f3<\/p>\n","protected":false},"author":2,"featured_media":5425,"comment_status":"closed","ping_status":"closed","sticky":false,"template":"","format":"standard","meta":{"_jetpack_memberships_contains_paid_content":false,"footnotes":""},"categories":[6,1],"tags":[],"class_list":["post-5424","post","type-post","status-publish","format-standard","has-post-thumbnail","hentry","category-nacionales","category-portada"],"jetpack_featured_media_url":"https:\/\/i0.wp.com\/cdnoticias.com\/wp-content\/uploads\/2020\/11\/5d31db2d513b01563548461.jpg?fit=700%2C520&ssl=1","jetpack_sharing_enabled":true,"_links":{"self":[{"href":"https:\/\/cdnoticias.com\/index.php\/wp-json\/wp\/v2\/posts\/5424","targetHints":{"allow":["GET"]}}],"collection":[{"href":"https:\/\/cdnoticias.com\/index.php\/wp-json\/wp\/v2\/posts"}],"about":[{"href":"https:\/\/cdnoticias.com\/index.php\/wp-json\/wp\/v2\/types\/post"}],"author":[{"embeddable":true,"href":"https:\/\/cdnoticias.com\/index.php\/wp-json\/wp\/v2\/users\/2"}],"replies":[{"embeddable":true,"href":"https:\/\/cdnoticias.com\/index.php\/wp-json\/wp\/v2\/comments?post=5424"}],"version-history":[{"count":0,"href":"https:\/\/cdnoticias.com\/index.php\/wp-json\/wp\/v2\/posts\/5424\/revisions"}],"wp:featuredmedia":[{"embeddable":true,"href":"https:\/\/cdnoticias.com\/index.php\/wp-json\/wp\/v2\/media\/5425"}],"wp:attachment":[{"href":"https:\/\/cdnoticias.com\/index.php\/wp-json\/wp\/v2\/media?parent=5424"}],"wp:term":[{"taxonomy":"category","embeddable":true,"href":"https:\/\/cdnoticias.com\/index.php\/wp-json\/wp\/v2\/categories?post=5424"},{"taxonomy":"post_tag","embeddable":true,"href":"https:\/\/cdnoticias.com\/index.php\/wp-json\/wp\/v2\/tags?post=5424"}],"curies":[{"name":"wp","href":"https:\/\/api.w.org\/{rel}","templated":true}]}}