{"id":54216,"date":"2022-05-10T11:03:26","date_gmt":"2022-05-10T14:03:26","guid":{"rendered":"https:\/\/www.centraldenoticias.com.ar\/?p=54216"},"modified":"2022-05-10T16:42:24","modified_gmt":"2022-05-10T19:42:24","slug":"un-vecino-sufrio-el-robo-de-170-mil-pesos-y-dos-chequeras-del-interior-de-su-vehiculo","status":"publish","type":"post","link":"https:\/\/cdnoticias.com\/index.php\/2022\/05\/10\/un-vecino-sufrio-el-robo-de-170-mil-pesos-y-dos-chequeras-del-interior-de-su-vehiculo\/","title":{"rendered":"Un vecino sufri\u00f3 el robo de 170 mil pesos y dos chequeras del interior de su veh\u00edculo"},"content":{"rendered":"<p>Ocurri\u00f3 durante la tarde del lunes. El dinero fue sustra\u00eddo de una camioneta Amarok V6 que estuvo estacionada en distintos puntos de la ciudad.<!--more--><\/p>\n<hr \/>\n<p>Durante la tarde del lunes, un vecino sufri\u00f3 el robo de<strong> 170 mil pesos y dos chequeras<\/strong> que se encontraban dentro de una <strong>camioneta Amarok V6 2020 de color negro.<\/strong><\/p>\n<p>&nbsp;<\/p>\n<p>Carlos Z\u00e1rate habl\u00f3 con <em>Central de Noticias<\/em> y cont\u00f3 que el hecho<strong> sucedi\u00f3 entre las 17:20 y las 18:10 de este lunes 9 de mayo.<\/strong><\/p>\n<p>&nbsp;<\/p>\n<p>En ese transcurso de ese tiempo, estacion\u00f3 su veh\u00edculo con el dinero en dos puntos de la ciudad: <strong>en avenida Del Valle casi Vicente L\u00f3pez<\/strong> donde estuvo unos 20 minutos fuera de la camioneta, y en <strong>Alberdi y Pelegrino.<\/strong><\/p>\n<p>&nbsp;<\/p>\n<p>Cuando advirti\u00f3 el robo realiz\u00f3 la denuncia en la sede de la comisar\u00eda Primera. Zarate detall\u00f3 que el dinero y las chequeras se encontraban en la <strong>consola central del veh\u00edculo<\/strong> y que <strong>no fue forzada ninguna de las puertas.<\/strong><\/p>\n<p>&nbsp;<\/p>\n<p>Resalt\u00f3 las complicaciones derivadas del robo debido a que era dinero para el pago de alquileres y de la recaudaci\u00f3n del remis del que es propietario. Adem\u00e1s, advirti\u00f3 a la comunidad sobre las chequeras robadas a nombre de <strong>\u201cZarate, Carlos Fernando\u201d y \u201cDiscar Remis S.R.L\u201d.<\/strong><\/p>\n<p>&nbsp;<\/p>\n<p>Si bien el personal policial realiz\u00f3 un peritaje sobre el veh\u00edculo y analizan distintas c\u00e1maras de seguridad, pidi\u00f3 la colaboraci\u00f3n de cualquier persona que pueda <strong>aportar datos sobre el hecho.<\/strong><\/p>\n","protected":false},"excerpt":{"rendered":"<p>Ocurri\u00f3 durante la tarde del lunes. El dinero fue sustra\u00eddo de una camioneta Amarok V6 que estuvo estacionada en distintos<\/p>\n","protected":false},"author":5,"featured_media":54217,"comment_status":"closed","ping_status":"closed","sticky":false,"template":"","format":"standard","meta":{"_jetpack_memberships_contains_paid_content":false,"footnotes":""},"categories":[14,1],"tags":[],"class_list":["post-54216","post","type-post","status-publish","format-standard","has-post-thumbnail","hentry","category-policiales","category-portada"],"jetpack_featured_media_url":"https:\/\/i0.wp.com\/cdnoticias.com\/wp-content\/uploads\/2022\/05\/camioneta-robo.jpg?fit=1651%2C991&ssl=1","jetpack_sharing_enabled":true,"_links":{"self":[{"href":"https:\/\/cdnoticias.com\/index.php\/wp-json\/wp\/v2\/posts\/54216","targetHints":{"allow":["GET"]}}],"collection":[{"href":"https:\/\/cdnoticias.com\/index.php\/wp-json\/wp\/v2\/posts"}],"about":[{"href":"https:\/\/cdnoticias.com\/index.php\/wp-json\/wp\/v2\/types\/post"}],"author":[{"embeddable":true,"href":"https:\/\/cdnoticias.com\/index.php\/wp-json\/wp\/v2\/users\/5"}],"replies":[{"embeddable":true,"href":"https:\/\/cdnoticias.com\/index.php\/wp-json\/wp\/v2\/comments?post=54216"}],"version-history":[{"count":0,"href":"https:\/\/cdnoticias.com\/index.php\/wp-json\/wp\/v2\/posts\/54216\/revisions"}],"wp:featuredmedia":[{"embeddable":true,"href":"https:\/\/cdnoticias.com\/index.php\/wp-json\/wp\/v2\/media\/54217"}],"wp:attachment":[{"href":"https:\/\/cdnoticias.com\/index.php\/wp-json\/wp\/v2\/media?parent=54216"}],"wp:term":[{"taxonomy":"category","embeddable":true,"href":"https:\/\/cdnoticias.com\/index.php\/wp-json\/wp\/v2\/categories?post=54216"},{"taxonomy":"post_tag","embeddable":true,"href":"https:\/\/cdnoticias.com\/index.php\/wp-json\/wp\/v2\/tags?post=54216"}],"curies":[{"name":"wp","href":"https:\/\/api.w.org\/{rel}","templated":true}]}}