{"id":54201,"date":"2022-05-11T09:25:13","date_gmt":"2022-05-11T12:25:13","guid":{"rendered":"https:\/\/www.centraldenoticias.com.ar\/?p=54201"},"modified":"2022-05-11T11:11:32","modified_gmt":"2022-05-11T14:11:32","slug":"a-4-anos-del-femicidio-de-riva-de-neira-se-conocio-una-nueva-fecha-de-juicio","status":"publish","type":"post","link":"https:\/\/cdnoticias.com\/index.php\/2022\/05\/11\/a-4-anos-del-femicidio-de-riva-de-neira-se-conocio-una-nueva-fecha-de-juicio\/","title":{"rendered":"A 4 a\u00f1os del femicidio de Riva de Neira se conoci\u00f3 una nueva fecha de juicio"},"content":{"rendered":"<p>Comenzar\u00e1 el pr\u00f3ximo 24 de mayo en Azul y se llevar\u00e1 a cabo bajo la modalidad de Juicio por Jurados.<!--more--><\/p>\n<hr \/>\n<p>Mar\u00eda Luj\u00e1n Riva de Neira ten\u00eda 44 a\u00f1os cuando fue atacada de un \u201cpuntazo\u201d en el pecho el <strong>10 de mayo de 2018<\/strong> en el frente de su vivienda. Falleci\u00f3 a los pocos minutos de ingresar en el Hospital Municipal \u201cDr. H\u00e9ctor Cura\u201d.<\/p>\n<p>&nbsp;<\/p>\n<p>Por el asesinato, se encuentra<strong> acusado y detenido Lucas Keesler<\/strong> quien el 24 de mayo deber\u00e1 enfrentar un <strong>Juicio por Jurados que se extender\u00e1 hasta el 27 de mayo.\u00a0 <\/strong>Se aclar\u00f3 que pese al feriado del 25 de mayo, est\u00e1 prevista la realizaci\u00f3n de la audiencia durante esa jornada.<\/p>\n<p>&nbsp;<\/p>\n<p>De esta forma, el proceso ser\u00e1 encabezado por un Juez del <strong>Tribunal Oral y Criminal N\u00b0 2 de la ciudad de Azul<\/strong> y la determinaci\u00f3n de culpable o no culpable, recaer\u00e1 en<strong> doce civiles convocados para el juicio.<\/strong><\/p>\n<p>&nbsp;<\/p>\n<p>El hecho est\u00e1 caratulado como<strong> \u201chomicidio criminis causa\u201d<\/strong>, delito que contempla penas de hasta prisi\u00f3n o reclusi\u00f3n perpetua debido a que entiende que el crimen se realiz\u00f3 para garantizar u ocultar la comisi\u00f3n de otro delito.<\/p>\n<p>&nbsp;<\/p>\n<p>La fecha de juicio fue modificada en varias oportunidades y se espera que no sufra una nueva suspensi\u00f3n.<\/p>\n<p>&nbsp;<\/p>\n<p>El martes, en un nuevo aniversario de su asesinato, desde el<strong> Frente Ni Una Menos Olavarr\u00eda <\/strong>recordaron a Mar\u00eda Luj\u00e1n:<strong> \u201cAcompa\u00f1amos a su familia y exigimos JUSTICIA\u201d<\/strong>, se\u00f1alaron.<\/p>\n","protected":false},"excerpt":{"rendered":"<p>Comenzar\u00e1 el pr\u00f3ximo 24 de mayo en Azul y se llevar\u00e1 a cabo bajo la modalidad de Juicio por Jurados.<\/p>\n","protected":false},"author":5,"featured_media":54211,"comment_status":"closed","ping_status":"closed","sticky":false,"template":"","format":"standard","meta":{"_jetpack_memberships_contains_paid_content":false,"footnotes":""},"categories":[14,1],"tags":[],"class_list":["post-54201","post","type-post","status-publish","format-standard","has-post-thumbnail","hentry","category-policiales","category-portada"],"jetpack_featured_media_url":"https:\/\/i0.wp.com\/cdnoticias.com\/wp-content\/uploads\/2022\/05\/rivadeneira.jpg?fit=1885%2C1131&ssl=1","jetpack_sharing_enabled":true,"_links":{"self":[{"href":"https:\/\/cdnoticias.com\/index.php\/wp-json\/wp\/v2\/posts\/54201","targetHints":{"allow":["GET"]}}],"collection":[{"href":"https:\/\/cdnoticias.com\/index.php\/wp-json\/wp\/v2\/posts"}],"about":[{"href":"https:\/\/cdnoticias.com\/index.php\/wp-json\/wp\/v2\/types\/post"}],"author":[{"embeddable":true,"href":"https:\/\/cdnoticias.com\/index.php\/wp-json\/wp\/v2\/users\/5"}],"replies":[{"embeddable":true,"href":"https:\/\/cdnoticias.com\/index.php\/wp-json\/wp\/v2\/comments?post=54201"}],"version-history":[{"count":0,"href":"https:\/\/cdnoticias.com\/index.php\/wp-json\/wp\/v2\/posts\/54201\/revisions"}],"wp:featuredmedia":[{"embeddable":true,"href":"https:\/\/cdnoticias.com\/index.php\/wp-json\/wp\/v2\/media\/54211"}],"wp:attachment":[{"href":"https:\/\/cdnoticias.com\/index.php\/wp-json\/wp\/v2\/media?parent=54201"}],"wp:term":[{"taxonomy":"category","embeddable":true,"href":"https:\/\/cdnoticias.com\/index.php\/wp-json\/wp\/v2\/categories?post=54201"},{"taxonomy":"post_tag","embeddable":true,"href":"https:\/\/cdnoticias.com\/index.php\/wp-json\/wp\/v2\/tags?post=54201"}],"curies":[{"name":"wp","href":"https:\/\/api.w.org\/{rel}","templated":true}]}}