{"id":54192,"date":"2022-05-10T09:04:03","date_gmt":"2022-05-10T12:04:03","guid":{"rendered":"https:\/\/www.centraldenoticias.com.ar\/?p=54192"},"modified":"2022-05-10T09:27:43","modified_gmt":"2022-05-10T12:27:43","slug":"un-importante-corte-de-luz-se-registro-en-sierra-chica","status":"publish","type":"post","link":"https:\/\/cdnoticias.com\/index.php\/2022\/05\/10\/un-importante-corte-de-luz-se-registro-en-sierra-chica\/","title":{"rendered":"Un importante corte de luz se registr\u00f3 en Sierra Chica"},"content":{"rendered":"<p>Afect\u00f3 a usuarios de la localidad y se extendi\u00f3 a la zona de canteras, el Regimiento y el Aut\u00f3dromo. Lograron restablecer el servicio.<!--more--><\/p>\n<p>Minutos antes de las 7 de la ma\u00f1ana de este martes, una maquinaria de una cantera de Sierra Chica,<strong> da\u00f1\u00f3 de forma involuntaria una l\u00ednea de Media Tensi\u00f3n.<\/strong><\/p>\n<p>&nbsp;<\/p>\n<p>Esto produjo la <strong>interrupci\u00f3n del servicio el\u00e9ctrico en la localidad serrana, en la zona de canteras, el Regimiento y el Aut\u00f3dromo.<\/strong><\/p>\n<p>&nbsp;<\/p>\n<p>Desde Coopelectric se inform\u00f3 que personal de la cooperativa logr\u00f3 aislar el sector de la l\u00ednea averiada y<strong> restituir el suministro en los lugares afectados.<\/strong><\/p>\n<p>&nbsp;<\/p>\n<p>Se inform\u00f3 que hacia <strong>las 9.15 qued\u00f3 normalizado el servicio el\u00e9ctrico<\/strong> en la zona de canteras.<\/p>\n","protected":false},"excerpt":{"rendered":"<p>Afect\u00f3 a usuarios de la localidad y se extendi\u00f3 a la zona de canteras, el Regimiento y el Aut\u00f3dromo. Lograron<\/p>\n","protected":false},"author":5,"featured_media":6841,"comment_status":"closed","ping_status":"closed","sticky":false,"template":"","format":"standard","meta":{"_jetpack_memberships_contains_paid_content":false,"footnotes":""},"categories":[5,1],"tags":[],"class_list":["post-54192","post","type-post","status-publish","format-standard","has-post-thumbnail","hentry","category-informacion-general","category-portada"],"jetpack_featured_media_url":"https:\/\/i0.wp.com\/cdnoticias.com\/wp-content\/uploads\/2020\/11\/01-Tareas-Alimentador-N%C2%B0-1.jpg?fit=1365%2C768&ssl=1","jetpack_sharing_enabled":true,"_links":{"self":[{"href":"https:\/\/cdnoticias.com\/index.php\/wp-json\/wp\/v2\/posts\/54192","targetHints":{"allow":["GET"]}}],"collection":[{"href":"https:\/\/cdnoticias.com\/index.php\/wp-json\/wp\/v2\/posts"}],"about":[{"href":"https:\/\/cdnoticias.com\/index.php\/wp-json\/wp\/v2\/types\/post"}],"author":[{"embeddable":true,"href":"https:\/\/cdnoticias.com\/index.php\/wp-json\/wp\/v2\/users\/5"}],"replies":[{"embeddable":true,"href":"https:\/\/cdnoticias.com\/index.php\/wp-json\/wp\/v2\/comments?post=54192"}],"version-history":[{"count":0,"href":"https:\/\/cdnoticias.com\/index.php\/wp-json\/wp\/v2\/posts\/54192\/revisions"}],"wp:featuredmedia":[{"embeddable":true,"href":"https:\/\/cdnoticias.com\/index.php\/wp-json\/wp\/v2\/media\/6841"}],"wp:attachment":[{"href":"https:\/\/cdnoticias.com\/index.php\/wp-json\/wp\/v2\/media?parent=54192"}],"wp:term":[{"taxonomy":"category","embeddable":true,"href":"https:\/\/cdnoticias.com\/index.php\/wp-json\/wp\/v2\/categories?post=54192"},{"taxonomy":"post_tag","embeddable":true,"href":"https:\/\/cdnoticias.com\/index.php\/wp-json\/wp\/v2\/tags?post=54192"}],"curies":[{"name":"wp","href":"https:\/\/api.w.org\/{rel}","templated":true}]}}