{"id":54185,"date":"2022-05-10T08:39:33","date_gmt":"2022-05-10T11:39:33","guid":{"rendered":"https:\/\/www.centraldenoticias.com.ar\/?p=54185"},"modified":"2022-05-10T11:40:22","modified_gmt":"2022-05-10T14:40:22","slug":"alberto-sileoni-estara-presente-en-la-inauguracion-del-jardin-n-928","status":"publish","type":"post","link":"https:\/\/cdnoticias.com\/index.php\/2022\/05\/10\/alberto-sileoni-estara-presente-en-la-inauguracion-del-jardin-n-928\/","title":{"rendered":"Alberto Sileoni estar\u00e1 presente en la inauguraci\u00f3n del Jard\u00edn N\u00b0 928"},"content":{"rendered":"<p>El Director General de Cultura y Educaci\u00f3n participar\u00e1 del acto previsto para este martes en barrio AOMA. La obra inici\u00f3 en junio de 2021 con una inversi\u00f3n de m\u00e1s de 39 millones de pesos.<!--more--><\/p>\n<hr \/>\n<p>El <strong>Director General de Cultura y Educaci\u00f3n de la provincia de Buenos Aires, Alberto Sileoni<\/strong>, llegar\u00e1 este martes a Olavarr\u00eda para participar de la<strong> inauguraci\u00f3n del nuevo edificio del Jard\u00edn N\u00b0 928.<\/strong><\/p>\n<p>&nbsp;<\/p>\n<p>El acto est\u00e1 anunciado para las 13:00 y se espera que Sileoni mantenga un encuentro con la prensa.<\/p>\n<p>&nbsp;<\/p>\n<p>El <a href=\"https:\/\/cdnoticias.com\/index.php\/2020\/10\/22\/anuncian-la-construccion-de-un-nuevo-edificio-para-el-jardin-n-928\/\" target=\"_blank\" rel=\"noopener\">anuncio de la construcci\u00f3n de un nuevo edificio<\/a> para el Jard\u00edn de Infantes N\u00b0 928 fue realizado en octubre de 2020. En esa oportunidad el subsecretario de Miner\u00eda, Federico Aguilera dio a conocer la novedad a trav\u00e9s de redes sociales.<\/p>\n<p>&nbsp;<\/p>\n<p>\u201cEs una linda y grata noticia el anuncio de la construcci\u00f3n de un nuevo edificio para el jard\u00edn de infantes n\u00b0928 de nuestra ciudad. <strong>La inversi\u00f3n ser\u00e1 de $39.084.896,24 y se realizar\u00e1 con fondos del Programa de Apoyo a la Pol\u00edtica de Mejoramiento de la Equidad Educativa de Naci\u00f3n<\/strong>\u201d, asegur\u00f3.<\/p>\n<p>&nbsp;<\/p>\n<p><img data-recalc-dims=\"1\" loading=\"lazy\" decoding=\"async\" class=\"aligncenter size-full wp-image-25014\" src=\"https:\/\/i0.wp.com\/cdnoticias.com\/wp-content\/uploads\/2021\/06\/WhatsApp-Image-2021-06-25-at-18.48.01.jpeg?resize=800%2C529&#038;ssl=1\" alt=\"\" width=\"800\" height=\"529\" srcset=\"https:\/\/i0.wp.com\/cdnoticias.com\/wp-content\/uploads\/2021\/06\/WhatsApp-Image-2021-06-25-at-18.48.01.jpeg?w=1280&amp;ssl=1 1280w, https:\/\/i0.wp.com\/cdnoticias.com\/wp-content\/uploads\/2021\/06\/WhatsApp-Image-2021-06-25-at-18.48.01.jpeg?resize=300%2C199&amp;ssl=1 300w, https:\/\/i0.wp.com\/cdnoticias.com\/wp-content\/uploads\/2021\/06\/WhatsApp-Image-2021-06-25-at-18.48.01.jpeg?resize=768%2C508&amp;ssl=1 768w, https:\/\/i0.wp.com\/cdnoticias.com\/wp-content\/uploads\/2021\/06\/WhatsApp-Image-2021-06-25-at-18.48.01.jpeg?resize=1024%2C678&amp;ssl=1 1024w\" sizes=\"auto, (max-width: 800px) 100vw, 800px\" \/><\/p>\n<p>&nbsp;<\/p>\n<p><a href=\"https:\/\/cdnoticias.com\/index.php\/2021\/06\/25\/federico-aguilera-recorrio-el-inicio-de-las-obras-del-jardin-de-infantes-del-barrio-aoma\/\" target=\"_blank\" rel=\"noopener\">En junio de 2021 iniciaron las obras<\/a> para construir la instituci\u00f3n que tiene una matr\u00edcula constituida por alumnos y alumnas del barrio y la zona.<\/p>\n<p>&nbsp;<\/p>\n<p>\u201cEste tipo de obras aportan mano de obra y reactivaci\u00f3n econ\u00f3mica para la ciudad, son obras que construyen derechos y movilizan la econom\u00eda de la regi\u00f3n a partir de mercados locales de materiales e insumos para la construcci\u00f3n\u201d, remarc\u00f3 el funcionario provincial en esa oportunidad.<\/p>\n","protected":false},"excerpt":{"rendered":"<p>El Director General de Cultura y Educaci\u00f3n participar\u00e1 del acto previsto para este martes en barrio AOMA. La obra inici\u00f3<\/p>\n","protected":false},"author":5,"featured_media":54186,"comment_status":"closed","ping_status":"closed","sticky":false,"template":"","format":"standard","meta":{"_jetpack_memberships_contains_paid_content":false,"footnotes":""},"categories":[5],"tags":[],"class_list":["post-54185","post","type-post","status-publish","format-standard","has-post-thumbnail","hentry","category-informacion-general"],"jetpack_featured_media_url":"https:\/\/i0.wp.com\/cdnoticias.com\/wp-content\/uploads\/2022\/05\/alberto-sileoni.jpg?fit=900%2C505&ssl=1","jetpack_sharing_enabled":true,"_links":{"self":[{"href":"https:\/\/cdnoticias.com\/index.php\/wp-json\/wp\/v2\/posts\/54185","targetHints":{"allow":["GET"]}}],"collection":[{"href":"https:\/\/cdnoticias.com\/index.php\/wp-json\/wp\/v2\/posts"}],"about":[{"href":"https:\/\/cdnoticias.com\/index.php\/wp-json\/wp\/v2\/types\/post"}],"author":[{"embeddable":true,"href":"https:\/\/cdnoticias.com\/index.php\/wp-json\/wp\/v2\/users\/5"}],"replies":[{"embeddable":true,"href":"https:\/\/cdnoticias.com\/index.php\/wp-json\/wp\/v2\/comments?post=54185"}],"version-history":[{"count":0,"href":"https:\/\/cdnoticias.com\/index.php\/wp-json\/wp\/v2\/posts\/54185\/revisions"}],"wp:featuredmedia":[{"embeddable":true,"href":"https:\/\/cdnoticias.com\/index.php\/wp-json\/wp\/v2\/media\/54186"}],"wp:attachment":[{"href":"https:\/\/cdnoticias.com\/index.php\/wp-json\/wp\/v2\/media?parent=54185"}],"wp:term":[{"taxonomy":"category","embeddable":true,"href":"https:\/\/cdnoticias.com\/index.php\/wp-json\/wp\/v2\/categories?post=54185"},{"taxonomy":"post_tag","embeddable":true,"href":"https:\/\/cdnoticias.com\/index.php\/wp-json\/wp\/v2\/tags?post=54185"}],"curies":[{"name":"wp","href":"https:\/\/api.w.org\/{rel}","templated":true}]}}