{"id":54183,"date":"2022-05-10T08:27:44","date_gmt":"2022-05-10T11:27:44","guid":{"rendered":"https:\/\/www.centraldenoticias.com.ar\/?p=54183"},"modified":"2022-05-10T11:03:38","modified_gmt":"2022-05-10T14:03:38","slug":"la-feria-del-mte-mas-cuestionamientos-por-la-falta-de-apoyo-del-municipio","status":"publish","type":"post","link":"https:\/\/cdnoticias.com\/index.php\/2022\/05\/10\/la-feria-del-mte-mas-cuestionamientos-por-la-falta-de-apoyo-del-municipio\/","title":{"rendered":"La feria del MTE: m\u00e1s cuestionamientos por la \u201cfalta de apoyo\u201d del Municipio"},"content":{"rendered":"<p>Contrastaron los recursos brindados a la Feria Sabores del Mundo, con las \u201carbitrariedades y atropellos\u201d que padecen semanalmente en el Cors\u00f3dromo.<!--more--><\/p>\n<hr \/>\n<p>Con la firma de Luj\u00e1n Galv\u00e1n, referente de la Rama Espacios P\u00fablicos del MTE, se expuso <strong>nuevamente la cr\u00edtica a la gesti\u00f3n municipal por la \u201cfalta de apoyo\u201d a la feria que se desarrolla en el Cors\u00f3dromo<\/strong>.<\/p>\n<p>&nbsp;<\/p>\n<p>\u201cEste fin de semana hemos podido apreciar <strong>el esfuerzo y los recursos que el intendente Galli y su gesti\u00f3n han destinado a la realizaci\u00f3n de la Feria de Sabores del Mundo\u201d<\/strong> se indic\u00f3.<\/p>\n<p>&nbsp;<\/p>\n<p>En contraste, el planteo apunt\u00f3: \u201cen contraposici\u00f3n a lo descripto, desde hace un a\u00f1o un grupo de m\u00e1s de 100 familias de Olavarr\u00eda luchamos por sobrevivir de manera digna y honesta llevando adelante una feria los fines de semana en el Cors\u00f3dromo Municipal, en la cual <strong>somos objeto de toda clase arbitrariedades y atropellos por parte de la polic\u00eda y de funcionarios de la gesti\u00f3n del intendente Galli<\/strong>, hostig\u00e1ndonos de manera constante, y labrando infracciones a nuestra actividad con el \u00fanico objeto de criminalizar nuestro trabajo\u201d.<\/p>\n<p>&nbsp;<\/p>\n<blockquote><p>Recordaron que \u201cluego de m\u00faltiples reclamos\u201d <a href=\"https:\/\/cdnoticias.com\/index.php\/2022\/03\/11\/la-feria-del-mte-se-mueve-al-parque-eva-peron\/\" target=\"_blank\" rel=\"noopener\">lograron firmar un acuerdo con el secretario de Desarrollo Humano y Calidad de Vida, Diego Robbiani<\/a>, \u201cel cual se incumple por parte del Municipio, ya que contin\u00faa el hostigamiento policial mediante la falsa excusa de inspecci\u00f3n del volumen del sonido de la m\u00fasica, ingresando con las patrullas en medio de la gente como si se tratara de procedimientos por delitos, cuando el predio de encuentra colmado por familias y ni\u00f1os disfrutando de una tarde al aire libre\u201d.<\/p><\/blockquote>\n<p>&nbsp;<\/p>\n<p>Se\u00f1alaron que <strong>tampoco reciben energ\u00eda el\u00e9ctrica por parte del Municipio<\/strong> y que no prenden las luminarias del Cors\u00f3dromo \u201ccon el \u00fanico objeto de obligar el cierre de la feria\u201d.<\/p>\n<p>&nbsp;<\/p>\n<p>\u201c<strong>Ciudadanos de primera en la Feria de Sabores del Mundo<\/strong>, con cortes de calles, luminarias especiales, y asistencia de todos los funcionarios p\u00fablicos retrat\u00e1ndose sonrientes para los medios. <strong>Ciudadanos de segunda quienes trabajamos en el Cors\u00f3dromo<\/strong>, a oscuras, rodeados de polic\u00edas y patrullas cual delincuentes, hostig\u00e1ndonos con el \u00fanico objeto de encontrar excusa para utilizar la fuerza\u201d cuestionaron.<\/p>\n","protected":false},"excerpt":{"rendered":"<p>Contrastaron los recursos brindados a la Feria Sabores del Mundo, con las \u201carbitrariedades y atropellos\u201d que padecen semanalmente en el<\/p>\n","protected":false},"author":4,"featured_media":35179,"comment_status":"closed","ping_status":"closed","sticky":false,"template":"","format":"standard","meta":{"_jetpack_memberships_contains_paid_content":false,"footnotes":""},"categories":[5,1],"tags":[],"class_list":["post-54183","post","type-post","status-publish","format-standard","has-post-thumbnail","hentry","category-informacion-general","category-portada"],"jetpack_featured_media_url":"https:\/\/i0.wp.com\/cdnoticias.com\/wp-content\/uploads\/2021\/10\/mte-feria.jpg?fit=1440%2C953&ssl=1","jetpack_sharing_enabled":true,"_links":{"self":[{"href":"https:\/\/cdnoticias.com\/index.php\/wp-json\/wp\/v2\/posts\/54183","targetHints":{"allow":["GET"]}}],"collection":[{"href":"https:\/\/cdnoticias.com\/index.php\/wp-json\/wp\/v2\/posts"}],"about":[{"href":"https:\/\/cdnoticias.com\/index.php\/wp-json\/wp\/v2\/types\/post"}],"author":[{"embeddable":true,"href":"https:\/\/cdnoticias.com\/index.php\/wp-json\/wp\/v2\/users\/4"}],"replies":[{"embeddable":true,"href":"https:\/\/cdnoticias.com\/index.php\/wp-json\/wp\/v2\/comments?post=54183"}],"version-history":[{"count":0,"href":"https:\/\/cdnoticias.com\/index.php\/wp-json\/wp\/v2\/posts\/54183\/revisions"}],"wp:featuredmedia":[{"embeddable":true,"href":"https:\/\/cdnoticias.com\/index.php\/wp-json\/wp\/v2\/media\/35179"}],"wp:attachment":[{"href":"https:\/\/cdnoticias.com\/index.php\/wp-json\/wp\/v2\/media?parent=54183"}],"wp:term":[{"taxonomy":"category","embeddable":true,"href":"https:\/\/cdnoticias.com\/index.php\/wp-json\/wp\/v2\/categories?post=54183"},{"taxonomy":"post_tag","embeddable":true,"href":"https:\/\/cdnoticias.com\/index.php\/wp-json\/wp\/v2\/tags?post=54183"}],"curies":[{"name":"wp","href":"https:\/\/api.w.org\/{rel}","templated":true}]}}