{"id":54167,"date":"2022-05-09T20:41:59","date_gmt":"2022-05-09T23:41:59","guid":{"rendered":"https:\/\/www.centraldenoticias.com.ar\/?p=54167"},"modified":"2022-05-09T20:41:59","modified_gmt":"2022-05-09T23:41:59","slug":"saladillo-valicenti-y-eduardo-rodriguez-junto-a-kicillof-y-katopodis","status":"publish","type":"post","link":"https:\/\/cdnoticias.com\/index.php\/2022\/05\/09\/saladillo-valicenti-y-eduardo-rodriguez-junto-a-kicillof-y-katopodis\/","title":{"rendered":"Saladillo: Valicenti y Eduardo Rodr\u00edguez junto a Kicillof y Katopodis"},"content":{"rendered":"<p>Fue en el marco de la puesta en marcha de las obras de ampliaci\u00f3n de la planta de tratamiento cloacal de la ciudad bonaerense. <!--more--><\/p>\n<hr \/>\n<p>Este lunes, <strong>el gobernador Axel Kicillof, encabez\u00f3 esta tarde junto al ministro de Obras P\u00fablicas de la Naci\u00f3n, Gabriel Katopodis<\/strong>, el acto de puesta en marcha de las obras de ampliaci\u00f3n y readecuaci\u00f3n de la planta de tratamiento cloacal del municipio de Saladillo. <strong>Hubo participaci\u00f3n olavarriense: estuvo el diputado provincial C\u00e9sar Valicenti y el ex concejal Eduardo Rodr\u00edguez.<\/strong><\/p>\n<p>&nbsp;<\/p>\n<p>Tambi\u00e9n estuvo el ministro de Infraestructura y Servicios P\u00fablicos, Leonardo Nardini; el subadministrador del Ente Nacional de Obras H\u00eddricas de Saneamiento (ENHOSA), N\u00e9stor \u00c1lvarez; el intendente local, Jos\u00e9 Luis Salom\u00f3n; y la subsecretaria municipal de Servicios Sanitarios y Gesti\u00f3n Ambiental, Mariela Incolla.<\/p>\n<p>&nbsp;<\/p>\n<p><img data-recalc-dims=\"1\" loading=\"lazy\" decoding=\"async\" class=\"alignnone size-large wp-image-54171\" src=\"https:\/\/i0.wp.com\/cdnoticias.com\/wp-content\/uploads\/2022\/05\/saladillo-kicillof3.jpg?resize=800%2C533&#038;ssl=1\" alt=\"\" width=\"800\" height=\"533\" srcset=\"https:\/\/i0.wp.com\/cdnoticias.com\/wp-content\/uploads\/2022\/05\/saladillo-kicillof3-scaled.jpg?resize=1024%2C682&amp;ssl=1 1024w, https:\/\/i0.wp.com\/cdnoticias.com\/wp-content\/uploads\/2022\/05\/saladillo-kicillof3-scaled.jpg?resize=300%2C200&amp;ssl=1 300w, https:\/\/i0.wp.com\/cdnoticias.com\/wp-content\/uploads\/2022\/05\/saladillo-kicillof3-scaled.jpg?resize=768%2C511&amp;ssl=1 768w, https:\/\/i0.wp.com\/cdnoticias.com\/wp-content\/uploads\/2022\/05\/saladillo-kicillof3-scaled.jpg?resize=1536%2C1022&amp;ssl=1 1536w, https:\/\/i0.wp.com\/cdnoticias.com\/wp-content\/uploads\/2022\/05\/saladillo-kicillof3-scaled.jpg?resize=2048%2C1363&amp;ssl=1 2048w, https:\/\/i0.wp.com\/cdnoticias.com\/wp-content\/uploads\/2022\/05\/saladillo-kicillof3-scaled.jpg?resize=272%2C182&amp;ssl=1 272w, https:\/\/i0.wp.com\/cdnoticias.com\/wp-content\/uploads\/2022\/05\/saladillo-kicillof3-scaled.jpg?w=1600&amp;ssl=1 1600w, https:\/\/i0.wp.com\/cdnoticias.com\/wp-content\/uploads\/2022\/05\/saladillo-kicillof3-scaled.jpg?w=2400&amp;ssl=1 2400w\" sizes=\"auto, (max-width: 800px) 100vw, 800px\" \/><\/p>\n<p>&nbsp;<\/p>\n<p><img data-recalc-dims=\"1\" loading=\"lazy\" decoding=\"async\" class=\"alignnone size-large wp-image-54170\" src=\"https:\/\/i0.wp.com\/cdnoticias.com\/wp-content\/uploads\/2022\/05\/saladillo-kicillof2.jpg?resize=800%2C533&#038;ssl=1\" alt=\"\" width=\"800\" height=\"533\" srcset=\"https:\/\/i0.wp.com\/cdnoticias.com\/wp-content\/uploads\/2022\/05\/saladillo-kicillof2-scaled.jpg?resize=1024%2C682&amp;ssl=1 1024w, https:\/\/i0.wp.com\/cdnoticias.com\/wp-content\/uploads\/2022\/05\/saladillo-kicillof2-scaled.jpg?resize=300%2C200&amp;ssl=1 300w, https:\/\/i0.wp.com\/cdnoticias.com\/wp-content\/uploads\/2022\/05\/saladillo-kicillof2-scaled.jpg?resize=768%2C511&amp;ssl=1 768w, https:\/\/i0.wp.com\/cdnoticias.com\/wp-content\/uploads\/2022\/05\/saladillo-kicillof2-scaled.jpg?resize=1536%2C1022&amp;ssl=1 1536w, https:\/\/i0.wp.com\/cdnoticias.com\/wp-content\/uploads\/2022\/05\/saladillo-kicillof2-scaled.jpg?resize=2048%2C1363&amp;ssl=1 2048w, https:\/\/i0.wp.com\/cdnoticias.com\/wp-content\/uploads\/2022\/05\/saladillo-kicillof2-scaled.jpg?resize=272%2C182&amp;ssl=1 272w, https:\/\/i0.wp.com\/cdnoticias.com\/wp-content\/uploads\/2022\/05\/saladillo-kicillof2-scaled.jpg?w=1600&amp;ssl=1 1600w, https:\/\/i0.wp.com\/cdnoticias.com\/wp-content\/uploads\/2022\/05\/saladillo-kicillof2-scaled.jpg?w=2400&amp;ssl=1 2400w\" sizes=\"auto, (max-width: 800px) 100vw, 800px\" \/><\/p>\n<p>&nbsp;<\/p>\n<p>Kicillof destac\u00f3 de esta obra \u201chist\u00f3rica\u201d para Saladillo que<em> \u201ces una obra estructural porque es muy dif\u00edcil pensar que se puede mejorar la calidad de vida en un municipio que no cuenta con una planta para el tratamiento de los l\u00edquidos cloacales\u201d.<\/em> <strong><em>\u201cEstamos dando inicio a una obra que les va a cambiar la vida a quienes viven hoy aqu\u00ed y a las pr\u00f3ximas generaciones, ya que esta planta estar\u00e1 hecha para acompa\u00f1ar 60 a\u00f1os de crecimiento en Saladillo\u201d,<\/em><\/strong> agreg\u00f3.<\/p>\n<p>&nbsp;<\/p>\n<blockquote><p>Con una inversi\u00f3n de 757 millones de pesos y el trabajo articulado entre la Naci\u00f3n, la Provincia y el municipio, el proyecto brindar\u00e1 soluciones para m\u00e1s de 40 mil vecinos y vecinas de la zona.<\/p><\/blockquote>\n<p>&nbsp;<\/p>\n<p><em>\u201cAs\u00ed como hay obras que el municipio no puede hacer por su cuenta, hay otras que el Gobierno provincial tampoco puede llevar adelante sin apoyo. Por eso, junto al ministro Katopodis, y a trav\u00e9s de \u00e9l agradeci\u00e9ndole al presidente Alberto Fern\u00e1ndez, no trabajamos con planes compartimentados de obras nacionales, provinciales y municipales, sino que llevamos a cabo un solo plan de infraestructura que es de los y las bonaerenses\u201d.<\/em><\/p>\n<p>&nbsp;<\/p>\n<p>En tanto, el<strong> intendente Salom\u00f3n<\/strong> remarc\u00f3 que <em><strong>\u201cestamos dando el puntapi\u00e9 para una obra muy trascendente para todos nosotros, que es esperada por la comunidad de Saladillo desde hace al menos 25 a\u00f1os\u201d<\/strong>. \u201cTrabajamos todos juntos por este proyecto y para llegar a esta fecha en el que iniciamos una obra que nos permite imaginar el crecimiento y el desarrollo de nuestra comunidad\u201d<\/em>, dijo.<\/p>\n<p>&nbsp;<\/p>\n<p><img data-recalc-dims=\"1\" loading=\"lazy\" decoding=\"async\" class=\"alignnone size-large wp-image-54168\" src=\"https:\/\/i0.wp.com\/cdnoticias.com\/wp-content\/uploads\/2022\/05\/saladillo-kicillof.jpg?resize=800%2C533&#038;ssl=1\" alt=\"\" width=\"800\" height=\"533\" srcset=\"https:\/\/i0.wp.com\/cdnoticias.com\/wp-content\/uploads\/2022\/05\/saladillo-kicillof.jpg?resize=1024%2C682&amp;ssl=1 1024w, https:\/\/i0.wp.com\/cdnoticias.com\/wp-content\/uploads\/2022\/05\/saladillo-kicillof.jpg?resize=300%2C200&amp;ssl=1 300w, https:\/\/i0.wp.com\/cdnoticias.com\/wp-content\/uploads\/2022\/05\/saladillo-kicillof.jpg?resize=768%2C512&amp;ssl=1 768w, https:\/\/i0.wp.com\/cdnoticias.com\/wp-content\/uploads\/2022\/05\/saladillo-kicillof.jpg?resize=1536%2C1023&amp;ssl=1 1536w, https:\/\/i0.wp.com\/cdnoticias.com\/wp-content\/uploads\/2022\/05\/saladillo-kicillof.jpg?resize=272%2C182&amp;ssl=1 272w, https:\/\/i0.wp.com\/cdnoticias.com\/wp-content\/uploads\/2022\/05\/saladillo-kicillof.jpg?w=1600&amp;ssl=1 1600w\" sizes=\"auto, (max-width: 800px) 100vw, 800px\" \/><\/p>\n<p>&nbsp;<\/p>\n<p>Estuvieron presentes el gerente general de Abordaje Territorial del ENOHSA, Oscar Bitz; los diputados provinciales Walter Abarca y C\u00e9sar Valicenti; el presidente de Autopistas Buenos Aires (Aubasa), Ricardo Lissalde; el asesor del Gobierno en el seguimiento de la implementaci\u00f3n del Plan 6 por 6, Juan Carlos Gasparini; los intendentes de 25 de Mayo, Hern\u00e1n Ralinqueo; y de Roque P\u00e9rez, Jos\u00e9 Luis Horna; las concejalas Mar\u00eda Soledad Petta y Mar\u00eda de los \u00c1ngeles Mancini; los concejales Amaro Sarlo, Carlos P\u00e9rez Cavali y F\u00e9lix Crognale; los encargados de las delegaciones regionales del IOMA, Gustavo Di Battista; y del PAMI, Diego Yason.<\/p>\n","protected":false},"excerpt":{"rendered":"<p>Fue en el marco de la puesta en marcha de las obras de ampliaci\u00f3n de la planta de tratamiento cloacal<\/p>\n","protected":false},"author":2,"featured_media":54169,"comment_status":"closed","ping_status":"closed","sticky":false,"template":"","format":"standard","meta":{"_jetpack_memberships_contains_paid_content":false,"footnotes":""},"categories":[4,1],"tags":[],"class_list":["post-54167","post","type-post","status-publish","format-standard","has-post-thumbnail","hentry","category-politica","category-portada"],"jetpack_featured_media_url":"https:\/\/i0.wp.com\/cdnoticias.com\/wp-content\/uploads\/2022\/05\/saladillo-kicillof1.jpg?fit=1600%2C1067&ssl=1","jetpack_sharing_enabled":true,"_links":{"self":[{"href":"https:\/\/cdnoticias.com\/index.php\/wp-json\/wp\/v2\/posts\/54167","targetHints":{"allow":["GET"]}}],"collection":[{"href":"https:\/\/cdnoticias.com\/index.php\/wp-json\/wp\/v2\/posts"}],"about":[{"href":"https:\/\/cdnoticias.com\/index.php\/wp-json\/wp\/v2\/types\/post"}],"author":[{"embeddable":true,"href":"https:\/\/cdnoticias.com\/index.php\/wp-json\/wp\/v2\/users\/2"}],"replies":[{"embeddable":true,"href":"https:\/\/cdnoticias.com\/index.php\/wp-json\/wp\/v2\/comments?post=54167"}],"version-history":[{"count":0,"href":"https:\/\/cdnoticias.com\/index.php\/wp-json\/wp\/v2\/posts\/54167\/revisions"}],"wp:featuredmedia":[{"embeddable":true,"href":"https:\/\/cdnoticias.com\/index.php\/wp-json\/wp\/v2\/media\/54169"}],"wp:attachment":[{"href":"https:\/\/cdnoticias.com\/index.php\/wp-json\/wp\/v2\/media?parent=54167"}],"wp:term":[{"taxonomy":"category","embeddable":true,"href":"https:\/\/cdnoticias.com\/index.php\/wp-json\/wp\/v2\/categories?post=54167"},{"taxonomy":"post_tag","embeddable":true,"href":"https:\/\/cdnoticias.com\/index.php\/wp-json\/wp\/v2\/tags?post=54167"}],"curies":[{"name":"wp","href":"https:\/\/api.w.org\/{rel}","templated":true}]}}