{"id":54164,"date":"2022-05-09T20:23:09","date_gmt":"2022-05-09T23:23:09","guid":{"rendered":"https:\/\/www.centraldenoticias.com.ar\/?p=54164"},"modified":"2022-05-10T08:45:59","modified_gmt":"2022-05-10T11:45:59","slug":"este-lunes-comenzo-el-censo-2022-en-viviendas-colectivas-y-zonas-rurales","status":"publish","type":"post","link":"https:\/\/cdnoticias.com\/index.php\/2022\/05\/09\/este-lunes-comenzo-el-censo-2022-en-viviendas-colectivas-y-zonas-rurales\/","title":{"rendered":"Este lunes comenz\u00f3 el Censo 2022 en viviendas colectivas y zonas rurales"},"content":{"rendered":"<p>Se trata de un operativo previo a la jornada del mi\u00e9rcoles 18, donde se censar\u00e1 en todo el pa\u00eds.\u00a0 <!--more--><\/p>\n<hr \/>\n<p>Este lunes comenz\u00f3, de forma presencial, el <strong>Censo 2022 en viviendas colectivas y zonas rurales por un operativo especial previo al mi\u00e9rcoles 18.<\/strong><\/p>\n<p>&nbsp;<\/p>\n<p>Cabe recordar\u00e1 que <strong>esa fecha fue decretada feriado nacional<\/strong>, cuando las personas censistas recorrer\u00e1n las viviendas particulares urbanas de todo el territorio argentino y realizar\u00e1n entrevistas presenciales o solicitar\u00e1n los comprobantes del Censo digital, inform\u00f3 el Instituto Nacional de Estad\u00edsticas y Censo (Indec) a trav\u00e9s de un comunicado.<\/p>\n<p>&nbsp;<\/p>\n<p>Desde este lunes, en tanto,<strong> comenzaron a censarse todas las viviendas colectivas del pa\u00eds con residentes habituales para relevar a todas las personas que viven bajo un r\u00e9gimen institucional (no familiar),<\/strong> como por ejemplo: campamentos u obradores, colegios internado, cuarteles, hogares de personas mayores, geri\u00e1tricos, hogares de ni\u00f1as, ni\u00f1os y adolescentes, hogares religiosos, establecimientos de salud, hospitales, hoteles tur\u00edsticos, refugios o paradores, y prisiones.<\/p>\n<p>&nbsp;<\/p>\n<blockquote><p><em>\u201cCuando se presente un censista, la persona responsable de la vivienda colectiva puede proporcionar los datos de sus integrantes o hacer el contacto con los residentes para que respondan el cuestionario por s\u00ed mismos\u201d<\/em>, explicaron desde el organismo.<\/p><\/blockquote>\n<p>&nbsp;<\/p>\n<p><strong>Las personas encargadas de censar llevar\u00e1n una pechera con la imagen del Censo 2022<\/strong> y el n\u00famero telef\u00f3nico de la mesa de ayuda (0800-345-2022), adem\u00e1s de una credencial con nombre, apellido y DNI.<\/p>\n<p>&nbsp;<\/p>\n<p><strong>En cuanto a las zonas rurales, los puntos por relevar son viviendas, puestos, estancias y todos aquellos lugares donde habitualmente viven personas fuera de las zonas urbanas<\/strong>, y cada segmento ser\u00e1 recorrido por una persona censista que, en los casos necesarios, contar\u00e1 con el apoyo de Gendarmer\u00eda y Prefectura Nacional para garantizar el acceso a todo el territorio.<\/p>\n<p>&nbsp;<\/p>\n<p><strong>El operativo rural est\u00e1 coordinado por las Direcciones Provinciales de Estad\u00edstica de cada provincia junto al Indec<\/strong>, y tiene por objetivo asegurar el barrido territorial en las zonas rurales al igual que en las urbanas para que todas las personas, hogares y viviendas puedan cumplir con su derecho a ser censados.<\/p>\n","protected":false},"excerpt":{"rendered":"<p>Se trata de un operativo previo a la jornada del mi\u00e9rcoles 18, donde se censar\u00e1 en todo el pa\u00eds.\u00a0<\/p>\n","protected":false},"author":2,"featured_media":54165,"comment_status":"closed","ping_status":"closed","sticky":false,"template":"","format":"standard","meta":{"_jetpack_memberships_contains_paid_content":false,"footnotes":""},"categories":[6],"tags":[],"class_list":["post-54164","post","type-post","status-publish","format-standard","has-post-thumbnail","hentry","category-nacionales"],"jetpack_featured_media_url":"https:\/\/i0.wp.com\/cdnoticias.com\/wp-content\/uploads\/2022\/05\/areas-rurales.jpg?fit=1208%2C636&ssl=1","jetpack_sharing_enabled":true,"_links":{"self":[{"href":"https:\/\/cdnoticias.com\/index.php\/wp-json\/wp\/v2\/posts\/54164","targetHints":{"allow":["GET"]}}],"collection":[{"href":"https:\/\/cdnoticias.com\/index.php\/wp-json\/wp\/v2\/posts"}],"about":[{"href":"https:\/\/cdnoticias.com\/index.php\/wp-json\/wp\/v2\/types\/post"}],"author":[{"embeddable":true,"href":"https:\/\/cdnoticias.com\/index.php\/wp-json\/wp\/v2\/users\/2"}],"replies":[{"embeddable":true,"href":"https:\/\/cdnoticias.com\/index.php\/wp-json\/wp\/v2\/comments?post=54164"}],"version-history":[{"count":0,"href":"https:\/\/cdnoticias.com\/index.php\/wp-json\/wp\/v2\/posts\/54164\/revisions"}],"wp:featuredmedia":[{"embeddable":true,"href":"https:\/\/cdnoticias.com\/index.php\/wp-json\/wp\/v2\/media\/54165"}],"wp:attachment":[{"href":"https:\/\/cdnoticias.com\/index.php\/wp-json\/wp\/v2\/media?parent=54164"}],"wp:term":[{"taxonomy":"category","embeddable":true,"href":"https:\/\/cdnoticias.com\/index.php\/wp-json\/wp\/v2\/categories?post=54164"},{"taxonomy":"post_tag","embeddable":true,"href":"https:\/\/cdnoticias.com\/index.php\/wp-json\/wp\/v2\/tags?post=54164"}],"curies":[{"name":"wp","href":"https:\/\/api.w.org\/{rel}","templated":true}]}}