{"id":54086,"date":"2022-05-09T12:09:43","date_gmt":"2022-05-09T15:09:43","guid":{"rendered":"https:\/\/www.centraldenoticias.com.ar\/?p=54086"},"modified":"2022-05-10T07:57:28","modified_gmt":"2022-05-10T10:57:28","slug":"las-tuvi-en-el-hcd-criticas-por-mala-gestion-y-acusacion-por-mala-politica","status":"publish","type":"post","link":"https:\/\/cdnoticias.com\/index.php\/2022\/05\/09\/las-tuvi-en-el-hcd-criticas-por-mala-gestion-y-acusacion-por-mala-politica\/","title":{"rendered":"Las TUVI en el HCD: cr\u00edticas por \u201cmala gesti\u00f3n\u201d y acusaci\u00f3n por \u201cmala pol\u00edtica\u201d"},"content":{"rendered":"<p>Fueron los dichos de la oposici\u00f3n y el oficialismo, respectivamente. El primer pedido de informe, sobre antecedentes de la empresa adjudicataria, fue rechazado.<!--more--><\/p>\n<hr \/>\n<p><strong>Con cr\u00edticas a la ausencia del secretario de Obras P\u00fablicas, Julio Ferraro, y a la prolijidad del expediente de la obra de viviendas TUVI <a href=\"https:\/\/cdnoticias.com\/index.php\/2022\/05\/09\/con-eje-en-las-criticas-al-programa-tuvi-sesiona-el-concejo-deliberante\/\" target=\"_blank\" rel=\"noopener\">comenz\u00f3 la sesi\u00f3n especial del Concejo<\/a><\/strong>. <strong>El inicio se vio demorado por aproximadamente una hora, debido a un problema t\u00e9cnico<\/strong>, y finalmente a las 10 empez\u00f3 el debate con un proyecto de pedido de informe.<\/p>\n<p>&nbsp;<\/p>\n<p>El primer tema, sobre antecedentes de la empresa adjudicataria, <strong>fue rechazado por mayor\u00eda: Juntos y UCR se impusieron.<\/strong> <strong>El Frente de Todos acus\u00f3 al Ejecutivo de \u201cmala gesti\u00f3n\u201d y el oficialismo acus\u00f3 por \u201cmala pol\u00edtica\u201d.<\/strong><\/p>\n<p>&nbsp;<\/p>\n<p><img data-recalc-dims=\"1\" loading=\"lazy\" decoding=\"async\" class=\"aligncenter size-full wp-image-54097\" src=\"https:\/\/i0.wp.com\/cdnoticias.com\/wp-content\/uploads\/2022\/05\/HCD-sanchez-00.jpg?resize=800%2C445&#038;ssl=1\" alt=\"\" width=\"800\" height=\"445\" srcset=\"https:\/\/i0.wp.com\/cdnoticias.com\/wp-content\/uploads\/2022\/05\/HCD-sanchez-00.jpg?w=800&amp;ssl=1 800w, https:\/\/i0.wp.com\/cdnoticias.com\/wp-content\/uploads\/2022\/05\/HCD-sanchez-00.jpg?resize=300%2C167&amp;ssl=1 300w, https:\/\/i0.wp.com\/cdnoticias.com\/wp-content\/uploads\/2022\/05\/HCD-sanchez-00.jpg?resize=768%2C427&amp;ssl=1 768w\" sizes=\"auto, (max-width: 800px) 100vw, 800px\" \/><\/p>\n<p>&nbsp;<\/p>\n<blockquote><p>Juan S\u00e1nchez (Frente de Todos) fue el primero en tomar la palabra y centr\u00f3 su intervenci\u00f3n en cuestionar que no se present\u00f3 el secretario de Obras P\u00fablicas en el recinto. \u201c\u00bfSi no tenemos nada que ocultar, por qu\u00e9 no venimos?\u201d plante\u00f3 y apunt\u00f3 contra el expediente al acusar que \u201cmintieron, dijeron una cosa e hicieron otra y no cumplieron. Ferraro no es la primera vez que no viene al concejo. La se\u00f1ora secretaria (por Margarita Arregui) es un ejemplo viviente de eso\u201d se\u00f1al\u00f3 en referencia a citaciones anteriores.<\/p><\/blockquote>\n<p>&nbsp;<\/p>\n<p>El concejal apunt\u00f3 directamente contra la gesti\u00f3n de Ezequiel Galli a quien<strong> defini\u00f3 como \u00a0\u201camigos\u201d para mencionar a funcionarios y ex funcionarios: S\u00e1nchez busc\u00f3 exponer que la ausencia de Ferraro<\/strong> y su falta de respuesta a los ediles est\u00e1 \u201cavalada\u201d por Galli. \u201cLos amigos del intendente en la gesti\u00f3n nos est\u00e1n saliendo car\u00edsimos. No solo por lo que cobran sino por lo que hicieron\u201d dijo.<\/p>\n<p>&nbsp;<\/p>\n<p><img data-recalc-dims=\"1\" loading=\"lazy\" decoding=\"async\" class=\"aligncenter size-full wp-image-54090\" src=\"https:\/\/i0.wp.com\/cdnoticias.com\/wp-content\/uploads\/2022\/05\/arouxet01-scaled.jpg?resize=800%2C480&#038;ssl=1\" alt=\"\" width=\"800\" height=\"480\" srcset=\"https:\/\/i0.wp.com\/cdnoticias.com\/wp-content\/uploads\/2022\/05\/arouxet01-scaled.jpg?w=2560&amp;ssl=1 2560w, https:\/\/i0.wp.com\/cdnoticias.com\/wp-content\/uploads\/2022\/05\/arouxet01-scaled.jpg?resize=300%2C180&amp;ssl=1 300w, https:\/\/i0.wp.com\/cdnoticias.com\/wp-content\/uploads\/2022\/05\/arouxet01-scaled.jpg?resize=1024%2C614&amp;ssl=1 1024w, https:\/\/i0.wp.com\/cdnoticias.com\/wp-content\/uploads\/2022\/05\/arouxet01-scaled.jpg?resize=768%2C461&amp;ssl=1 768w, https:\/\/i0.wp.com\/cdnoticias.com\/wp-content\/uploads\/2022\/05\/arouxet01-scaled.jpg?resize=1536%2C921&amp;ssl=1 1536w, https:\/\/i0.wp.com\/cdnoticias.com\/wp-content\/uploads\/2022\/05\/arouxet01-scaled.jpg?resize=2048%2C1228&amp;ssl=1 2048w, https:\/\/i0.wp.com\/cdnoticias.com\/wp-content\/uploads\/2022\/05\/arouxet01-scaled.jpg?w=1600&amp;ssl=1 1600w, https:\/\/i0.wp.com\/cdnoticias.com\/wp-content\/uploads\/2022\/05\/arouxet01-scaled.jpg?w=2400&amp;ssl=1 2400w\" sizes=\"auto, (max-width: 800px) 100vw, 800px\" \/><\/p>\n<p>&nbsp;<\/p>\n<p>Luego sigui\u00f3<strong> Celeste Arouxet (Ahora Olavarr\u00eda) quien critic\u00f3 la \u201cdesprolijidad\u201d del expediente al que consider\u00f3 \u201cun desastre\u201d<\/strong>.<\/p>\n<p>&nbsp;<\/p>\n<p>\u201cHay un reglamento que no est\u00e1n cumpliendo. Ya no est\u00e1n cumpliendo con nada\u201d se quej\u00f3 para mencionar distintos aspectos como los antecedentes, la antig\u00fcedad de la empresa, los respaldos patrimoniales. <strong>\u201cHab\u00eda una camioneta y un pu\u00f1ado de d\u00f3lares. Y si le va mal a la empresa y si hay un error, \u00bfqui\u00e9n responde? Van a responder los olavarrienses\u201d<\/strong> lanz\u00f3.<\/p>\n<p>&nbsp;<\/p>\n<blockquote><p>A su vez, Arouxet se refiri\u00f3 a que no se cumple con el total de las 20 casas: \u201ctenemos a 14 personas que no saben en qu\u00e9 condiciones est\u00e1n sus viviendas\u201d asegur\u00f3. En el detalle explic\u00f3 que \u201cmirando todo el expediente vemos que lo que se anunciaban eran 20 casas, asignadas hay 14. Se presentaron 26, de esas 16 cumplieron el requisito y de esas 2 se dieron de baja\u201d.<\/p><\/blockquote>\n<p>&nbsp;<\/p>\n<p><img data-recalc-dims=\"1\" loading=\"lazy\" decoding=\"async\" class=\"aligncenter size-full wp-image-54091\" src=\"https:\/\/i0.wp.com\/cdnoticias.com\/wp-content\/uploads\/2022\/05\/landivar01-scaled.jpg?resize=800%2C480&#038;ssl=1\" alt=\"\" width=\"800\" height=\"480\" srcset=\"https:\/\/i0.wp.com\/cdnoticias.com\/wp-content\/uploads\/2022\/05\/landivar01-scaled.jpg?w=2560&amp;ssl=1 2560w, https:\/\/i0.wp.com\/cdnoticias.com\/wp-content\/uploads\/2022\/05\/landivar01-scaled.jpg?resize=300%2C180&amp;ssl=1 300w, https:\/\/i0.wp.com\/cdnoticias.com\/wp-content\/uploads\/2022\/05\/landivar01-scaled.jpg?resize=1024%2C614&amp;ssl=1 1024w, https:\/\/i0.wp.com\/cdnoticias.com\/wp-content\/uploads\/2022\/05\/landivar01-scaled.jpg?resize=768%2C461&amp;ssl=1 768w, https:\/\/i0.wp.com\/cdnoticias.com\/wp-content\/uploads\/2022\/05\/landivar01-scaled.jpg?resize=1536%2C921&amp;ssl=1 1536w, https:\/\/i0.wp.com\/cdnoticias.com\/wp-content\/uploads\/2022\/05\/landivar01-scaled.jpg?resize=2048%2C1228&amp;ssl=1 2048w, https:\/\/i0.wp.com\/cdnoticias.com\/wp-content\/uploads\/2022\/05\/landivar01-scaled.jpg?w=1600&amp;ssl=1 1600w, https:\/\/i0.wp.com\/cdnoticias.com\/wp-content\/uploads\/2022\/05\/landivar01-scaled.jpg?w=2400&amp;ssl=1 2400w\" sizes=\"auto, (max-width: 800px) 100vw, 800px\" \/><\/p>\n<p>&nbsp;<\/p>\n<p>La concejal <strong>Mercedes Land\u00edvar, presidenta del interbloque Frente de Todos,<\/strong> repas\u00f3 el origen de los cuestionamientos al programa TUVI industrializadas. \u201cNo es un capricho, primero se agotaron todas las instancias\u201d indic\u00f3 para exponer que se tom\u00f3 en cuenta que<strong> \u201ces un tema m\u00e1s que delicado, pero nosotros tenemos que velar por los intereses de los vecinos y vecinas de Olavarr\u00eda\u201d<\/strong>. En ese marco, remont\u00f3 a dos meses atr\u00e1s las consultas de los adjudicatarios por a calidad de la obra.<\/p>\n<p>&nbsp;<\/p>\n<p>\u201cEn m\u00e1s de una oportunidad de este a\u00f1o que nos encontramos con muchas irregularidad en la gesti\u00f3n y hemos tenido que escuchar que \u00b4por qu\u00e9 no ganan las elecciones\u00b4, un poco queriendo callarnos y que se oculten los temas\u201d lanz\u00f3 para adem\u00e1s denunciar que <strong>\u201cquieren enfrentarnos a los trabajadores\u201d<\/strong>, aspectos sobre el que cit\u00f3 debates anteriores en el Legislativo. <strong>\u201cAc\u00e1 no est\u00e1 en discusi\u00f3n el trabajo, ni la capacidad de los trabajadores. Ac\u00e1 lo que est\u00e1 en discusi\u00f3n es la mala gesti\u00f3n\u201d sostuvo<\/strong>. <a href=\"https:\/\/cdnoticias.com\/index.php\/2022\/05\/09\/trabajadores-de-la-construccion-de-las-tuvi-se-manifiestan-en-el-hcd\/\" target=\"_blank\" rel=\"noopener\">Los empleados siguieron el debate en el recinto<\/a>.<\/p>\n<p>&nbsp;<\/p>\n<blockquote><p>Tambi\u00e9n avanz\u00f3 con cr\u00edticas a Julio Ferraro, se\u00f1al\u00f3 sus \u201cmentiras\u201d, entre las que mencion\u00f3 reunirse con adjudicatarios en ocasi\u00f3n en que no lo hizo, decir que no hab\u00eda recibido pedido de adjudicatarios para visitar la obra con un experto -lo cual se pidi\u00f3 por carta documento- y poner en duda las agresiones a periodistas por parte de integrantes de la empresa constructora.<\/p><\/blockquote>\n<p>&nbsp;<\/p>\n<p><img data-recalc-dims=\"1\" loading=\"lazy\" decoding=\"async\" class=\"aligncenter size-full wp-image-54093\" src=\"https:\/\/i0.wp.com\/cdnoticias.com\/wp-content\/uploads\/2022\/05\/wesner01-scaled.jpg?resize=800%2C480&#038;ssl=1\" alt=\"\" width=\"800\" height=\"480\" srcset=\"https:\/\/i0.wp.com\/cdnoticias.com\/wp-content\/uploads\/2022\/05\/wesner01-scaled.jpg?w=2560&amp;ssl=1 2560w, https:\/\/i0.wp.com\/cdnoticias.com\/wp-content\/uploads\/2022\/05\/wesner01-scaled.jpg?resize=300%2C180&amp;ssl=1 300w, https:\/\/i0.wp.com\/cdnoticias.com\/wp-content\/uploads\/2022\/05\/wesner01-scaled.jpg?resize=1024%2C614&amp;ssl=1 1024w, https:\/\/i0.wp.com\/cdnoticias.com\/wp-content\/uploads\/2022\/05\/wesner01-scaled.jpg?resize=768%2C461&amp;ssl=1 768w, https:\/\/i0.wp.com\/cdnoticias.com\/wp-content\/uploads\/2022\/05\/wesner01-scaled.jpg?resize=1536%2C921&amp;ssl=1 1536w, https:\/\/i0.wp.com\/cdnoticias.com\/wp-content\/uploads\/2022\/05\/wesner01-scaled.jpg?resize=2048%2C1228&amp;ssl=1 2048w, https:\/\/i0.wp.com\/cdnoticias.com\/wp-content\/uploads\/2022\/05\/wesner01-scaled.jpg?w=1600&amp;ssl=1 1600w, https:\/\/i0.wp.com\/cdnoticias.com\/wp-content\/uploads\/2022\/05\/wesner01-scaled.jpg?w=2400&amp;ssl=1 2400w\" sizes=\"auto, (max-width: 800px) 100vw, 800px\" \/><\/p>\n<p>&nbsp;<\/p>\n<p>Sigui\u00f3 <strong>Maximiliano Wesner (FdT)<\/strong> con un discurso que centraliz\u00f3 en<strong> detallar lo observado en el expediente al que \u00e9l mismo accedi\u00f3<\/strong> y que defini\u00f3 como \u201cmamarracho\u201d. Cit\u00f3 los antecedentes de la empresa constructora, los que consider\u00f3 insuficientes; la fecha del alta impositiva y de alta como empleador con m\u00e1s de 6 meses de diferencia. Tambi\u00e9n hizo cuestionamientos sobre el modo de construcci\u00f3n y compar\u00f3 que \u201cel plazo de prorroga (de la obra) es pr\u00e1cticamente el mismo que el plazo de obra\u201d.<\/p>\n<p>&nbsp;<\/p>\n<p>Inform\u00f3 que \u201cel 28 de febrero renunci\u00f3 de la representante t\u00e9cnica\u201d y que para ese momento<strong> \u201cse hab\u00eda ejecutado un tercio de la obra en el plazo estipulado\u201d<\/strong>.<\/p>\n<p>&nbsp;<\/p>\n<p>La respuesta del oficialismo estuvo a cargo de <strong>Guillermina Amespil (Juntos)<\/strong> quien centr\u00f3 sus discurso en las cr\u00edticas al expediente y defendi\u00f3 lo actuado por el Ejecutivo. Inicialmente destac\u00f3 \u201cel compromiso de los trabajadores municipales\u201d en el desarrollo del expediente para lanzar \u201cyo hablar\u00eda con m\u00e1s cuidado. <strong>\u00bfC\u00f3mo le vamos a decir mamarracho a lo que hacen?\u201d<\/strong>. M\u00e1s adelante, busc\u00f3 dejar en claro que el tema se empez\u00f3 a trabajar en el Ejecutivo \u201chace m\u00e1s de un a\u00f1o\u201d y que su contenido era de conocimiento para los concejales por el desarrollo y tratamiento de la ordenanza y de los pliegos.<\/p>\n<p>&nbsp;<\/p>\n<p><img data-recalc-dims=\"1\" loading=\"lazy\" decoding=\"async\" class=\"aligncenter size-full wp-image-54088\" src=\"https:\/\/i0.wp.com\/cdnoticias.com\/wp-content\/uploads\/2022\/05\/amespil01-scaled.jpg?resize=800%2C480&#038;ssl=1\" alt=\"\" width=\"800\" height=\"480\" srcset=\"https:\/\/i0.wp.com\/cdnoticias.com\/wp-content\/uploads\/2022\/05\/amespil01-scaled.jpg?w=2560&amp;ssl=1 2560w, https:\/\/i0.wp.com\/cdnoticias.com\/wp-content\/uploads\/2022\/05\/amespil01-scaled.jpg?resize=300%2C180&amp;ssl=1 300w, https:\/\/i0.wp.com\/cdnoticias.com\/wp-content\/uploads\/2022\/05\/amespil01-scaled.jpg?resize=1024%2C614&amp;ssl=1 1024w, https:\/\/i0.wp.com\/cdnoticias.com\/wp-content\/uploads\/2022\/05\/amespil01-scaled.jpg?resize=768%2C461&amp;ssl=1 768w, https:\/\/i0.wp.com\/cdnoticias.com\/wp-content\/uploads\/2022\/05\/amespil01-scaled.jpg?resize=1536%2C921&amp;ssl=1 1536w, https:\/\/i0.wp.com\/cdnoticias.com\/wp-content\/uploads\/2022\/05\/amespil01-scaled.jpg?resize=2048%2C1228&amp;ssl=1 2048w, https:\/\/i0.wp.com\/cdnoticias.com\/wp-content\/uploads\/2022\/05\/amespil01-scaled.jpg?w=1600&amp;ssl=1 1600w, https:\/\/i0.wp.com\/cdnoticias.com\/wp-content\/uploads\/2022\/05\/amespil01-scaled.jpg?w=2400&amp;ssl=1 2400w\" sizes=\"auto, (max-width: 800px) 100vw, 800px\" \/><\/p>\n<p>&nbsp;<\/p>\n<p>En la misma l\u00ednea indic\u00f3 que los adjudicatarios contaban con informaci\u00f3n previa sobre c\u00f3mo iba a hacerse las casas.<strong> Amespil brind\u00f3 detalles de la pr\u00f3rroga de la obra, las inspecciones, las certificaciones y los requisitos que se exigen a las empresas.<\/strong> En cada aspecto expuso la legislaci\u00f3n provincial que sustenta el accionar del Municipio.<\/p>\n<p>&nbsp;<\/p>\n<p>Tambi\u00e9n se refiri\u00f3 a la audiencia de <strong>Julio Ferraro, de quien subray\u00f3 que \u201cno fue citado\u201d por el Legislativo, y que su invitaci\u00f3n no estaba contenida en ninguno de los proyectos presentados.<\/strong><\/p>\n<p>&nbsp;<\/p>\n<blockquote><p>\u201cVa a hacer un a\u00f1o que las TUVI est\u00e1n en marcha y vamos a tener 40 casas listas y de eso no se dice nada. Se quiere parar la obra, con el riesgo y p\u00e9rdida que implica. Estamos a favor de la preocupaci\u00f3n, pero no que se lleve por delante el trabajo que hace el Municipio\u201d defini\u00f3 la concejal oficialista quien cuestion\u00f3 \u201cla pol\u00edtica meti\u00f3 la cola en las TUVI. Es muy dif\u00edcil pensar que esto no tiene una intencionalidad pol\u00edtica. Si estuvieran al lado del vecino esperar\u00edamos a que fueran a la obra\u201d en referencia a las visitas a realizarse este martes y mi\u00e9rcoles.<\/p><\/blockquote>\n<p>&nbsp;<\/p>\n<p>Por \u00faltimo,<strong> Arouxet volvi\u00f3 a intervenir para responder<\/strong> y reafirm\u00f3 sus observaciones al expediente. \u201cAc\u00e1 no vinimos a traer la mala pol\u00edtica\u201d cerr\u00f3.<\/p>\n<p>&nbsp;<\/p>\n<p><strong>En la votaci\u00f3n el pedido de informe fue rechazado por mayor\u00eda.<\/strong> Juntos y UCR votaron en contra. Frente de Todos y Ahora Olavarr\u00eda votaron a favor.<\/p>\n","protected":false},"excerpt":{"rendered":"<p>Fueron los dichos de la oposici\u00f3n y el oficialismo, respectivamente. El primer pedido de informe, sobre antecedentes de la empresa<\/p>\n","protected":false},"author":4,"featured_media":54095,"comment_status":"closed","ping_status":"closed","sticky":false,"template":"","format":"standard","meta":{"_jetpack_memberships_contains_paid_content":false,"footnotes":""},"categories":[4,1],"tags":[],"class_list":["post-54086","post","type-post","status-publish","format-standard","has-post-thumbnail","hentry","category-politica","category-portada"],"jetpack_featured_media_url":"https:\/\/i0.wp.com\/cdnoticias.com\/wp-content\/uploads\/2022\/05\/sesion-hcd-tuvi.jpg?fit=1600%2C960&ssl=1","jetpack_sharing_enabled":true,"_links":{"self":[{"href":"https:\/\/cdnoticias.com\/index.php\/wp-json\/wp\/v2\/posts\/54086","targetHints":{"allow":["GET"]}}],"collection":[{"href":"https:\/\/cdnoticias.com\/index.php\/wp-json\/wp\/v2\/posts"}],"about":[{"href":"https:\/\/cdnoticias.com\/index.php\/wp-json\/wp\/v2\/types\/post"}],"author":[{"embeddable":true,"href":"https:\/\/cdnoticias.com\/index.php\/wp-json\/wp\/v2\/users\/4"}],"replies":[{"embeddable":true,"href":"https:\/\/cdnoticias.com\/index.php\/wp-json\/wp\/v2\/comments?post=54086"}],"version-history":[{"count":0,"href":"https:\/\/cdnoticias.com\/index.php\/wp-json\/wp\/v2\/posts\/54086\/revisions"}],"wp:featuredmedia":[{"embeddable":true,"href":"https:\/\/cdnoticias.com\/index.php\/wp-json\/wp\/v2\/media\/54095"}],"wp:attachment":[{"href":"https:\/\/cdnoticias.com\/index.php\/wp-json\/wp\/v2\/media?parent=54086"}],"wp:term":[{"taxonomy":"category","embeddable":true,"href":"https:\/\/cdnoticias.com\/index.php\/wp-json\/wp\/v2\/categories?post=54086"},{"taxonomy":"post_tag","embeddable":true,"href":"https:\/\/cdnoticias.com\/index.php\/wp-json\/wp\/v2\/tags?post=54086"}],"curies":[{"name":"wp","href":"https:\/\/api.w.org\/{rel}","templated":true}]}}