{"id":54068,"date":"2022-05-09T09:15:39","date_gmt":"2022-05-09T12:15:39","guid":{"rendered":"https:\/\/www.centraldenoticias.com.ar\/?p=54068"},"modified":"2022-05-09T13:51:46","modified_gmt":"2022-05-09T16:51:46","slug":"con-eje-en-las-criticas-al-programa-tuvi-sesiona-el-concejo-deliberante","status":"publish","type":"post","link":"https:\/\/cdnoticias.com\/index.php\/2022\/05\/09\/con-eje-en-las-criticas-al-programa-tuvi-sesiona-el-concejo-deliberante\/","title":{"rendered":"Con eje en las cr\u00edticas al programa TUVI sesiona el Concejo Deliberante"},"content":{"rendered":"<p>Son cuatro los expedientes en debate impulsados por el interbloque Frente de Todos. Uno de ellos busca la suspensi\u00f3n de las obras. Transmisi\u00f3n en vivo por Yuotube.<!--more--><\/p>\n<hr \/>\n<p><strong>A partir de las 9 sesiona el Concejo Deliberante:<\/strong> en el recinto de la Sociedad Espa\u00f1ola se lleva adelante la sesi\u00f3n especial convocada por la presidenta Cecilia Krivochen.<\/p>\n<p>&nbsp;<\/p>\n<p><strong>El tema central ser\u00e1 el programa de viviendas TUVI<\/strong> y dentro de \u00e9l, la construcci\u00f3n de casas industrializadas.<\/p>\n<p>&nbsp;<\/p>\n<p>La sesi\u00f3n <a href=\"https:\/\/cdnoticias.com\/index.php\/2022\/05\/02\/tuvi-el-frente-de-todos-pedira-una-sesion-especial-tras-denunciar-irregularidades\/\" target=\"_blank\" rel=\"noopener\">fue solicitada por el interbloque Frente de Todos<\/a> y son los autores de los <strong>cuatro expedientes que estar\u00e1n en debate<\/strong>.<\/p>\n<p>&nbsp;<\/p>\n<p>El primero de ellos es un<strong> pedido de informe sobre la \u201cevaluaci\u00f3n de antecedentes de la empresa adjudicataria\u201d<\/strong> denominada la empresa de Mariano Escobedo. El segundo, es tambi\u00e9n un <strong>pedido de informe sobre \u201cinfraestructura e inspecciones de obra\u201d<\/strong>.<\/p>\n<p>&nbsp;<\/p>\n<p>El tercero es un proyecto de resoluci\u00f3n que <strong>solicita al Ejecutivo \u201cdejar sin efecto los convenios con los adjudicatarios\u201d del programa<\/strong>.<\/p>\n<p>&nbsp;<\/p>\n<p>El cuarto proyecto es de resoluci\u00f3n para <strong>pedir \u201cla suspensi\u00f3n por 10 d\u00edas de la ejecuci\u00f3n de la obra del programa TUVI\u201d<\/strong>.<\/p>\n<p>&nbsp;<\/p>\n<p>Segu\u00ed la sesi\u00f3n en vivo:<\/p>\n<p><iframe loading=\"lazy\" title=\"YouTube video player\" src=\"https:\/\/www.youtube.com\/embed\/ICdbbJxNbjM\" width=\"560\" height=\"315\" frameborder=\"0\" allowfullscreen=\"allowfullscreen\"><\/iframe><\/p>\n","protected":false},"excerpt":{"rendered":"<p>Son cuatro los expedientes en debate impulsados por el interbloque Frente de Todos. Uno de ellos busca la suspensi\u00f3n de<\/p>\n","protected":false},"author":4,"featured_media":54070,"comment_status":"closed","ping_status":"closed","sticky":false,"template":"","format":"standard","meta":{"_jetpack_memberships_contains_paid_content":false,"footnotes":""},"categories":[4],"tags":[],"class_list":["post-54068","post","type-post","status-publish","format-standard","has-post-thumbnail","hentry","category-politica"],"jetpack_featured_media_url":"https:\/\/i0.wp.com\/cdnoticias.com\/wp-content\/uploads\/2022\/05\/HCD-sesion-especial.jpg?fit=800%2C445&ssl=1","jetpack_sharing_enabled":true,"_links":{"self":[{"href":"https:\/\/cdnoticias.com\/index.php\/wp-json\/wp\/v2\/posts\/54068","targetHints":{"allow":["GET"]}}],"collection":[{"href":"https:\/\/cdnoticias.com\/index.php\/wp-json\/wp\/v2\/posts"}],"about":[{"href":"https:\/\/cdnoticias.com\/index.php\/wp-json\/wp\/v2\/types\/post"}],"author":[{"embeddable":true,"href":"https:\/\/cdnoticias.com\/index.php\/wp-json\/wp\/v2\/users\/4"}],"replies":[{"embeddable":true,"href":"https:\/\/cdnoticias.com\/index.php\/wp-json\/wp\/v2\/comments?post=54068"}],"version-history":[{"count":0,"href":"https:\/\/cdnoticias.com\/index.php\/wp-json\/wp\/v2\/posts\/54068\/revisions"}],"wp:featuredmedia":[{"embeddable":true,"href":"https:\/\/cdnoticias.com\/index.php\/wp-json\/wp\/v2\/media\/54070"}],"wp:attachment":[{"href":"https:\/\/cdnoticias.com\/index.php\/wp-json\/wp\/v2\/media?parent=54068"}],"wp:term":[{"taxonomy":"category","embeddable":true,"href":"https:\/\/cdnoticias.com\/index.php\/wp-json\/wp\/v2\/categories?post=54068"},{"taxonomy":"post_tag","embeddable":true,"href":"https:\/\/cdnoticias.com\/index.php\/wp-json\/wp\/v2\/tags?post=54068"}],"curies":[{"name":"wp","href":"https:\/\/api.w.org\/{rel}","templated":true}]}}