{"id":54040,"date":"2022-05-08T19:09:28","date_gmt":"2022-05-08T22:09:28","guid":{"rendered":"https:\/\/www.centraldenoticias.com.ar\/?p=54040"},"modified":"2022-05-09T07:43:42","modified_gmt":"2022-05-09T10:43:42","slug":"maria-jose-barrera-ya-no-tengo-mas-fuerzas-de-nada-sinceramente","status":"publish","type":"post","link":"https:\/\/cdnoticias.com\/index.php\/2022\/05\/08\/maria-jose-barrera-ya-no-tengo-mas-fuerzas-de-nada-sinceramente\/","title":{"rendered":"Mar\u00eda Jos\u00e9 Barrera: &#8220;ya no tengo m\u00e1s fuerzas de nada sinceramente&#8221;"},"content":{"rendered":"<p>As\u00ed lo remarc\u00f3 la madre de Marcela G\u00f3mez en la marcha que se realiz\u00f3 este domingo a dos meses de su femicidio. <!--more--><\/p>\n<hr \/>\n<p>&nbsp;<\/p>\n<p>Este <strong>domingo 8 de mayo se realiz\u00f3 en el Paseo Jes\u00fas Mend\u00eda<\/strong> una <strong>nueva marcha <a href=\"https:\/\/cdnoticias.com\/index.php\/2022\/03\/11\/garantias-dicto-la-detencion-del-acusado-por-el-femicidio-de-marcela-gomez\/\" target=\"_blank\" rel=\"noopener\">a dos meses del femicidio de Marcela G\u00f3mez<\/a><\/strong> la cual fue convocada por Asamblea Feminista y Disidente.<\/p>\n<p>&nbsp;<\/p>\n<p>Adem\u00e1s de los familiares de Marcela, estuvieron presentes Graciela Alderete, madre de Esteban Navarro y familiares de <strong>Eliana<\/strong> <strong>Mendilaharzu, v\u00edctima de femicidio en Azul.\u00a0<\/strong><\/p>\n<p>&nbsp;<\/p>\n<p><img data-recalc-dims=\"1\" loading=\"lazy\" decoding=\"async\" class=\"aligncenter wp-image-54043 size-large\" src=\"https:\/\/i0.wp.com\/cdnoticias.com\/wp-content\/uploads\/2022\/05\/WhatsApp-Image-2022-05-08-at-6.10.57-PM.jpeg?resize=800%2C600&#038;ssl=1\" alt=\"\" width=\"800\" height=\"600\" srcset=\"https:\/\/i0.wp.com\/cdnoticias.com\/wp-content\/uploads\/2022\/05\/WhatsApp-Image-2022-05-08-at-6.10.57-PM.jpeg?resize=1024%2C768&amp;ssl=1 1024w, https:\/\/i0.wp.com\/cdnoticias.com\/wp-content\/uploads\/2022\/05\/WhatsApp-Image-2022-05-08-at-6.10.57-PM.jpeg?resize=300%2C225&amp;ssl=1 300w, https:\/\/i0.wp.com\/cdnoticias.com\/wp-content\/uploads\/2022\/05\/WhatsApp-Image-2022-05-08-at-6.10.57-PM.jpeg?resize=768%2C576&amp;ssl=1 768w, https:\/\/i0.wp.com\/cdnoticias.com\/wp-content\/uploads\/2022\/05\/WhatsApp-Image-2022-05-08-at-6.10.57-PM.jpeg?resize=1536%2C1152&amp;ssl=1 1536w, https:\/\/i0.wp.com\/cdnoticias.com\/wp-content\/uploads\/2022\/05\/WhatsApp-Image-2022-05-08-at-6.10.57-PM.jpeg?w=1600&amp;ssl=1 1600w\" sizes=\"auto, (max-width: 800px) 100vw, 800px\" \/><\/p>\n<p>&nbsp;<\/p>\n<p><img data-recalc-dims=\"1\" loading=\"lazy\" decoding=\"async\" class=\"aligncenter wp-image-54045 size-large\" src=\"https:\/\/i0.wp.com\/cdnoticias.com\/wp-content\/uploads\/2022\/05\/WhatsApp-Image-2022-05-08-at-6.12.45-PM.jpeg?resize=800%2C600&#038;ssl=1\" alt=\"\" width=\"800\" height=\"600\" srcset=\"https:\/\/i0.wp.com\/cdnoticias.com\/wp-content\/uploads\/2022\/05\/WhatsApp-Image-2022-05-08-at-6.12.45-PM.jpeg?resize=1024%2C768&amp;ssl=1 1024w, https:\/\/i0.wp.com\/cdnoticias.com\/wp-content\/uploads\/2022\/05\/WhatsApp-Image-2022-05-08-at-6.12.45-PM.jpeg?resize=300%2C225&amp;ssl=1 300w, https:\/\/i0.wp.com\/cdnoticias.com\/wp-content\/uploads\/2022\/05\/WhatsApp-Image-2022-05-08-at-6.12.45-PM.jpeg?resize=768%2C576&amp;ssl=1 768w, https:\/\/i0.wp.com\/cdnoticias.com\/wp-content\/uploads\/2022\/05\/WhatsApp-Image-2022-05-08-at-6.12.45-PM.jpeg?resize=1536%2C1152&amp;ssl=1 1536w, https:\/\/i0.wp.com\/cdnoticias.com\/wp-content\/uploads\/2022\/05\/WhatsApp-Image-2022-05-08-at-6.12.45-PM.jpeg?w=1600&amp;ssl=1 1600w\" sizes=\"auto, (max-width: 800px) 100vw, 800px\" \/><\/p>\n<p>&nbsp;<\/p>\n<p><img data-recalc-dims=\"1\" loading=\"lazy\" decoding=\"async\" class=\"aligncenter wp-image-54048 size-large\" src=\"https:\/\/i0.wp.com\/cdnoticias.com\/wp-content\/uploads\/2022\/05\/WhatsApp-Image-2022-05-08-at-6.23.04-PM.jpeg?resize=800%2C515&#038;ssl=1\" alt=\"\" width=\"800\" height=\"515\" srcset=\"https:\/\/i0.wp.com\/cdnoticias.com\/wp-content\/uploads\/2022\/05\/WhatsApp-Image-2022-05-08-at-6.23.04-PM.jpeg?resize=1024%2C659&amp;ssl=1 1024w, https:\/\/i0.wp.com\/cdnoticias.com\/wp-content\/uploads\/2022\/05\/WhatsApp-Image-2022-05-08-at-6.23.04-PM.jpeg?resize=300%2C193&amp;ssl=1 300w, https:\/\/i0.wp.com\/cdnoticias.com\/wp-content\/uploads\/2022\/05\/WhatsApp-Image-2022-05-08-at-6.23.04-PM.jpeg?resize=768%2C494&amp;ssl=1 768w, https:\/\/i0.wp.com\/cdnoticias.com\/wp-content\/uploads\/2022\/05\/WhatsApp-Image-2022-05-08-at-6.23.04-PM.jpeg?w=1280&amp;ssl=1 1280w\" sizes=\"auto, (max-width: 800px) 100vw, 800px\" \/><\/p>\n<p>&nbsp;<\/p>\n<p><strong>Mar\u00eda Jos\u00e9 Barrera<\/strong>, <strong>madre de Marcela<\/strong> explic\u00f3 que &#8220;vengo a hacer esta marcha <strong>no solamente para pedir justicia, sino porque hoy ser\u00eda el cumplea\u00f1os de ella, de sus 19 a\u00f1os.<\/strong> Realmente<strong> me sent\u00ed abandonada por el estado, por la justicia de mierda que tenemos<\/strong>. <strong>Cuando yo ped\u00ed ayuda nadie me la dio, me la dieron cuando me hija ya estaba muerta.<\/strong> Despu\u00e9s me llamaban de todos lados y de qu\u00e9 me vali\u00f3, de nada porque no solamente perd\u00ed mi hija, tambi\u00e9n perd\u00ed mi casa&#8221;.<\/p>\n<p>&nbsp;<\/p>\n<p><img data-recalc-dims=\"1\" loading=\"lazy\" decoding=\"async\" class=\"aligncenter wp-image-54042 size-large\" src=\"https:\/\/i0.wp.com\/cdnoticias.com\/wp-content\/uploads\/2022\/05\/WhatsApp-Image-2022-05-08-at-6.10.56-PM.jpeg?resize=800%2C600&#038;ssl=1\" alt=\"\" width=\"800\" height=\"600\" srcset=\"https:\/\/i0.wp.com\/cdnoticias.com\/wp-content\/uploads\/2022\/05\/WhatsApp-Image-2022-05-08-at-6.10.56-PM.jpeg?resize=1024%2C768&amp;ssl=1 1024w, https:\/\/i0.wp.com\/cdnoticias.com\/wp-content\/uploads\/2022\/05\/WhatsApp-Image-2022-05-08-at-6.10.56-PM.jpeg?resize=300%2C225&amp;ssl=1 300w, https:\/\/i0.wp.com\/cdnoticias.com\/wp-content\/uploads\/2022\/05\/WhatsApp-Image-2022-05-08-at-6.10.56-PM.jpeg?resize=768%2C576&amp;ssl=1 768w, https:\/\/i0.wp.com\/cdnoticias.com\/wp-content\/uploads\/2022\/05\/WhatsApp-Image-2022-05-08-at-6.10.56-PM.jpeg?resize=1536%2C1152&amp;ssl=1 1536w, https:\/\/i0.wp.com\/cdnoticias.com\/wp-content\/uploads\/2022\/05\/WhatsApp-Image-2022-05-08-at-6.10.56-PM.jpeg?w=1600&amp;ssl=1 1600w\" sizes=\"auto, (max-width: 800px) 100vw, 800px\" \/><\/p>\n<p>&nbsp;<\/p>\n<p><strong>&#8220;No pude volver a ese lugar porque no me daba para volver a donde hab\u00edan matado a mi hija, tuve que dejar la casa<\/strong>. Estoy en lugar prestado, la estoy pasando muy mal. <strong>El Municipio se comprometi\u00f3 en ayudarme pero de la boca para afuera<\/strong>, porque <strong>no hicieron nada<\/strong>. Me dijeron que me iban a dar un subsidio para alquilar con una garant\u00eda y no me han dado ninguna soluci\u00f3n, al contrario me toman el pelo, me toman como una m\u00e1s. Estoy exigiendo un lugar a donde ir a dormir con mis hijos porque estamos todos en una pieza pas\u00e1ndola mal&#8221; agreg\u00f3 la madre de Marcela muy conmocionada.<\/p>\n<p>&nbsp;<\/p>\n<p><img data-recalc-dims=\"1\" loading=\"lazy\" decoding=\"async\" class=\"aligncenter wp-image-54047 size-large\" src=\"https:\/\/i0.wp.com\/cdnoticias.com\/wp-content\/uploads\/2022\/05\/WhatsApp-Image-2022-05-08-at-6.18.54-PM.jpeg?resize=800%2C600&#038;ssl=1\" alt=\"\" width=\"800\" height=\"600\" srcset=\"https:\/\/i0.wp.com\/cdnoticias.com\/wp-content\/uploads\/2022\/05\/WhatsApp-Image-2022-05-08-at-6.18.54-PM.jpeg?resize=1024%2C768&amp;ssl=1 1024w, https:\/\/i0.wp.com\/cdnoticias.com\/wp-content\/uploads\/2022\/05\/WhatsApp-Image-2022-05-08-at-6.18.54-PM.jpeg?resize=300%2C225&amp;ssl=1 300w, https:\/\/i0.wp.com\/cdnoticias.com\/wp-content\/uploads\/2022\/05\/WhatsApp-Image-2022-05-08-at-6.18.54-PM.jpeg?resize=768%2C576&amp;ssl=1 768w, https:\/\/i0.wp.com\/cdnoticias.com\/wp-content\/uploads\/2022\/05\/WhatsApp-Image-2022-05-08-at-6.18.54-PM.jpeg?resize=1536%2C1152&amp;ssl=1 1536w, https:\/\/i0.wp.com\/cdnoticias.com\/wp-content\/uploads\/2022\/05\/WhatsApp-Image-2022-05-08-at-6.18.54-PM.jpeg?w=1600&amp;ssl=1 1600w\" sizes=\"auto, (max-width: 800px) 100vw, 800px\" \/><\/p>\n<p>&nbsp;<\/p>\n<p>La <strong>mujer expuso que est\u00e1 bajo tratamiento psiqui\u00e1trico<\/strong> y que en su situaci\u00f3n <strong>se ve impedida de trabajar,<\/strong> y adem\u00e1s coment\u00f3 que en similar afectaci\u00f3n psicol\u00f3gica est\u00e1n otros miembros de la familia. <strong>\u201cYa no tengo m\u00e1s fuerzas de nada sinceramente\u201d dijo en llanto<\/strong>.<\/p>\n<p>&nbsp;<\/p>\n<p><img data-recalc-dims=\"1\" loading=\"lazy\" decoding=\"async\" class=\"aligncenter wp-image-54050 size-large\" src=\"https:\/\/i0.wp.com\/cdnoticias.com\/wp-content\/uploads\/2022\/05\/WhatsApp-Image-2022-05-08-at-6.30.39-PM.jpeg?resize=800%2C586&#038;ssl=1\" alt=\"\" width=\"800\" height=\"586\" srcset=\"https:\/\/i0.wp.com\/cdnoticias.com\/wp-content\/uploads\/2022\/05\/WhatsApp-Image-2022-05-08-at-6.30.39-PM.jpeg?resize=1024%2C750&amp;ssl=1 1024w, https:\/\/i0.wp.com\/cdnoticias.com\/wp-content\/uploads\/2022\/05\/WhatsApp-Image-2022-05-08-at-6.30.39-PM.jpeg?resize=300%2C220&amp;ssl=1 300w, https:\/\/i0.wp.com\/cdnoticias.com\/wp-content\/uploads\/2022\/05\/WhatsApp-Image-2022-05-08-at-6.30.39-PM.jpeg?resize=768%2C562&amp;ssl=1 768w, https:\/\/i0.wp.com\/cdnoticias.com\/wp-content\/uploads\/2022\/05\/WhatsApp-Image-2022-05-08-at-6.30.39-PM.jpeg?w=1280&amp;ssl=1 1280w\" sizes=\"auto, (max-width: 800px) 100vw, 800px\" \/><\/p>\n<p>&nbsp;<\/p>\n<p><img data-recalc-dims=\"1\" loading=\"lazy\" decoding=\"async\" class=\"aligncenter wp-image-54049 size-large\" src=\"https:\/\/i0.wp.com\/cdnoticias.com\/wp-content\/uploads\/2022\/05\/WhatsApp-Image-2022-05-08-at-6.30.17-PM.jpeg?resize=800%2C600&#038;ssl=1\" alt=\"\" width=\"800\" height=\"600\" srcset=\"https:\/\/i0.wp.com\/cdnoticias.com\/wp-content\/uploads\/2022\/05\/WhatsApp-Image-2022-05-08-at-6.30.17-PM.jpeg?resize=1024%2C768&amp;ssl=1 1024w, https:\/\/i0.wp.com\/cdnoticias.com\/wp-content\/uploads\/2022\/05\/WhatsApp-Image-2022-05-08-at-6.30.17-PM.jpeg?resize=300%2C225&amp;ssl=1 300w, https:\/\/i0.wp.com\/cdnoticias.com\/wp-content\/uploads\/2022\/05\/WhatsApp-Image-2022-05-08-at-6.30.17-PM.jpeg?resize=768%2C576&amp;ssl=1 768w, https:\/\/i0.wp.com\/cdnoticias.com\/wp-content\/uploads\/2022\/05\/WhatsApp-Image-2022-05-08-at-6.30.17-PM.jpeg?resize=1536%2C1152&amp;ssl=1 1536w, https:\/\/i0.wp.com\/cdnoticias.com\/wp-content\/uploads\/2022\/05\/WhatsApp-Image-2022-05-08-at-6.30.17-PM.jpeg?w=1600&amp;ssl=1 1600w\" sizes=\"auto, (max-width: 800px) 100vw, 800px\" \/><\/p>\n<p>&nbsp;<\/p>\n<p>Por otra parte, <strong>mencion\u00f3 al Intendente Ezequiel Galli:<\/strong> &#8220;<strong>al se\u00f1or Intendente,<\/strong> que \u00e9l se jug\u00f3 por darme un sepelio digno para mi hija <strong>\u00e9l se comprometi\u00f3 en ayudarme \u00bfa d\u00f3nde est\u00e1 ahora? Nunca m\u00e1s ni un llamado&#8221;<\/strong>.<\/p>\n<p>&nbsp;<\/p>\n<p>La <strong>marcha se hizo alrededor de la plaza en el Paseo Jes\u00fas Mend\u00eda<\/strong> con todos los presentes que <strong>llevaron velas, la imagen de Marcela y la su asesino<\/strong>, <strong>Juan Horacio B\u00e1ez. <\/strong>Se detuvieron frente a la iglesia San Jos\u00e9 donde Mar\u00eda Jos\u00e9 Barrera dej\u00f3 las velas y la foto de su hija.<\/p>\n","protected":false},"excerpt":{"rendered":"<p>As\u00ed lo remarc\u00f3 la madre de Marcela G\u00f3mez en la marcha que se realiz\u00f3 este domingo a dos meses de<\/p>\n","protected":false},"author":6,"featured_media":54041,"comment_status":"closed","ping_status":"closed","sticky":false,"template":"","format":"standard","meta":{"_jetpack_memberships_contains_paid_content":false,"footnotes":""},"categories":[3,1],"tags":[],"class_list":["post-54040","post","type-post","status-publish","format-standard","has-post-thumbnail","hentry","category-genero","category-portada"],"jetpack_featured_media_url":"https:\/\/i0.wp.com\/cdnoticias.com\/wp-content\/uploads\/2022\/05\/WhatsApp-Image-2022-05-08-at-6.38.51-PM.jpeg?fit=1600%2C1200&ssl=1","jetpack_sharing_enabled":true,"_links":{"self":[{"href":"https:\/\/cdnoticias.com\/index.php\/wp-json\/wp\/v2\/posts\/54040","targetHints":{"allow":["GET"]}}],"collection":[{"href":"https:\/\/cdnoticias.com\/index.php\/wp-json\/wp\/v2\/posts"}],"about":[{"href":"https:\/\/cdnoticias.com\/index.php\/wp-json\/wp\/v2\/types\/post"}],"author":[{"embeddable":true,"href":"https:\/\/cdnoticias.com\/index.php\/wp-json\/wp\/v2\/users\/6"}],"replies":[{"embeddable":true,"href":"https:\/\/cdnoticias.com\/index.php\/wp-json\/wp\/v2\/comments?post=54040"}],"version-history":[{"count":0,"href":"https:\/\/cdnoticias.com\/index.php\/wp-json\/wp\/v2\/posts\/54040\/revisions"}],"wp:featuredmedia":[{"embeddable":true,"href":"https:\/\/cdnoticias.com\/index.php\/wp-json\/wp\/v2\/media\/54041"}],"wp:attachment":[{"href":"https:\/\/cdnoticias.com\/index.php\/wp-json\/wp\/v2\/media?parent=54040"}],"wp:term":[{"taxonomy":"category","embeddable":true,"href":"https:\/\/cdnoticias.com\/index.php\/wp-json\/wp\/v2\/categories?post=54040"},{"taxonomy":"post_tag","embeddable":true,"href":"https:\/\/cdnoticias.com\/index.php\/wp-json\/wp\/v2\/tags?post=54040"}],"curies":[{"name":"wp","href":"https:\/\/api.w.org\/{rel}","templated":true}]}}