{"id":53995,"date":"2022-05-08T15:30:43","date_gmt":"2022-05-08T18:30:43","guid":{"rendered":"https:\/\/www.centraldenoticias.com.ar\/?p=53995"},"modified":"2022-05-08T19:09:44","modified_gmt":"2022-05-08T22:09:44","slug":"un-sueno-y-los-deseos-en-disputa","status":"publish","type":"post","link":"https:\/\/cdnoticias.com\/index.php\/2022\/05\/08\/un-sueno-y-los-deseos-en-disputa\/","title":{"rendered":"Un sue\u00f1o y los deseos en disputa"},"content":{"rendered":"<p>Las pujas en torno al tema TUVI tuvieron las voces de los concejales del Frente de Todos, al Ejecutivo, a la empresa, una adjudicataria y hasta el Ministerio de Trabajo.\u00a0 Galli y el faltazo al encuentro del Pro: \u00bfse avizora la tercera candidatura a la intendencia?<!--more--><\/p>\n<hr \/>\n<p>&nbsp;<\/p>\n<p><em>(Este es un resumen del newsletter Volver a las Fuentes, realizado por<strong>\u00a0Josefina Bargas y Alexis Grierson<\/strong>.\u00a0<a href=\"https:\/\/mailchi.mp\/628acf43a71a\/la-primera-vivienda-y-la-puja-de-los-deseos\" target=\"_blank\" rel=\"noopener\">La versi\u00f3n completa la pueden leer ac\u00e1<\/a>).\u00a0<\/em><\/p>\n<p>&nbsp;<\/p>\n<p><strong>TUVI: una apuesta y disparos a discreci\u00f3n<\/strong><\/p>\n<p>&nbsp;<\/p>\n<p>Sin dudas fue el tema que atraves\u00f3 los \u00faltimos seis d\u00edas. En todo el escenario siempre hubo escalada, hasta transformarse pr\u00e1cticamente en el tema absorbente de la pol\u00edtica local. Hubo denuncias, contradenuncias, pedidos de sesi\u00f3n, recorridas, controles, m\u00e1s denuncias y una conclusi\u00f3n con final abierto.<\/p>\n<p>&nbsp;<\/p>\n<p>Primero se deben realizar algunas valoraciones generales:\u00a0<strong>el Municipio realiz\u00f3 una apuesta fuerte en materia de vivienda industrializada<\/strong>\u00a0(eligi\u00f3 hasta el m\u00e9todo wood framing por encima de otros) y esa apuesta ten\u00eda sus riesgos, manifestados en resistencia. A una apuesta grande, una resistencia grande. Y en todo esto, hubo y hay algo que no cierra.<\/p>\n<p>&nbsp;<\/p>\n<p>La conclusi\u00f3n m\u00e1s triste, desde ya, es que\u00a0<strong>el \u00e1rbol tapa el bosque y se corren los ejes de debate: el d\u00e9ficit habitacional\u00a0<\/strong>en Olavarr\u00eda (la provincia y el pa\u00eds) es enorme, los alquileres en medio de una incertidumbre por el debate de una nueva Ley y un sinf\u00edn de damnificados por los errores de la primera sanci\u00f3n, la del proyecto del ahora diputado provincial Daniel Lipovetsky.<\/p>\n<p>&nbsp;<\/p>\n<p>Lo concreto es que ante las dudas sobre el tipo de construcci\u00f3n, la empresa que ejecuta dicha construcci\u00f3n, los posibles errores administrativos y tantos etc\u00e9teras,\u00a0<strong>aparecieron las denuncias. Las denuncias y las defensas, f\u00e9rreas<\/strong>.<\/p>\n<p>&nbsp;<\/p>\n<p><img data-recalc-dims=\"1\" loading=\"lazy\" decoding=\"async\" class=\"size-large wp-image-53428 aligncenter\" src=\"https:\/\/i0.wp.com\/cdnoticias.com\/wp-content\/uploads\/2022\/05\/denunciatuvi4.jpg?resize=800%2C480&#038;ssl=1\" alt=\"\" width=\"800\" height=\"480\" srcset=\"https:\/\/i0.wp.com\/cdnoticias.com\/wp-content\/uploads\/2022\/05\/denunciatuvi4-scaled.jpg?resize=1024%2C614&amp;ssl=1 1024w, https:\/\/i0.wp.com\/cdnoticias.com\/wp-content\/uploads\/2022\/05\/denunciatuvi4-scaled.jpg?resize=300%2C180&amp;ssl=1 300w, https:\/\/i0.wp.com\/cdnoticias.com\/wp-content\/uploads\/2022\/05\/denunciatuvi4-scaled.jpg?resize=768%2C461&amp;ssl=1 768w, https:\/\/i0.wp.com\/cdnoticias.com\/wp-content\/uploads\/2022\/05\/denunciatuvi4-scaled.jpg?resize=1536%2C921&amp;ssl=1 1536w, https:\/\/i0.wp.com\/cdnoticias.com\/wp-content\/uploads\/2022\/05\/denunciatuvi4-scaled.jpg?resize=2048%2C1228&amp;ssl=1 2048w, https:\/\/i0.wp.com\/cdnoticias.com\/wp-content\/uploads\/2022\/05\/denunciatuvi4-scaled.jpg?w=1600&amp;ssl=1 1600w, https:\/\/i0.wp.com\/cdnoticias.com\/wp-content\/uploads\/2022\/05\/denunciatuvi4-scaled.jpg?w=2400&amp;ssl=1 2400w\" sizes=\"auto, (max-width: 800px) 100vw, 800px\" \/><\/p>\n<p>&nbsp;<\/p>\n<p>El Frente de Todos busc\u00f3\u00a0<strong>\u201cacorralar\u201d al oficialismo en la b\u00fasqueda de informaci\u00f3n<\/strong>\u00a0y <a href=\"https:\/\/cdnoticias.com\/index.php\/2022\/05\/03\/programa-tuvi-industrializadas-solicitamos-una-sesion-especial\/\" target=\"_blank\" rel=\"noopener\">pidi\u00f3 una sesi\u00f3n especial<\/a>. La presidenta del HCD <a href=\"https:\/\/cdnoticias.com\/index.php\/2022\/05\/05\/el-lunes-habra-sesion-especial-la-presidenta-del-hcd-emitio-la-convocatoria\/\" target=\"_blank\" rel=\"noopener\">Cecilia Krivochen tom\u00f3 el pedido y llam\u00f3 a sesionar este lunes por la ma\u00f1ana<\/a>.<\/p>\n<p>&nbsp;<\/p>\n<p>Independientemente de la sesi\u00f3n, se dijeron muchas cosas all\u00ed.\u00a0<strong>Se denunci\u00f3 abiertamente que hay irregularidades no s\u00f3lo administrativas sino tambi\u00e9n en la construcci\u00f3n<\/strong>, se denunci\u00f3 una mala aplicaci\u00f3n del m\u00e9todo de construcci\u00f3n de este sistema industrializado y hasta Juan S\u00e1nchez mostr\u00f3 las sospechas de la adjudicaci\u00f3n de la empresa ganadora con un ofrecimiento econ\u00f3mico muy bajo en la licitaci\u00f3n (gan\u00f3 con 50 millones de pesos):\u00a0<em>\u201csi ofreci\u00f3 poco por alg\u00fan lado tiene que obtener la ganancia, \u00bfy si compraron materiales de mala calidad?\u201d<\/em>\u00a0dijo.<\/p>\n<p>&nbsp;<\/p>\n<p>El pedido m\u00e1s fuerte fue el de\u00a0<strong><a href=\"https:\/\/cdnoticias.com\/index.php\/2022\/05\/02\/tuvi-el-frente-de-todos-pedira-una-sesion-especial-tras-denunciar-irregularidades\/\" target=\"_blank\" rel=\"noopener\">suspender, por 10 d\u00edas, los trabajos en las viviendas<\/a> para que no avancen \u201cy queden tapados los errores\u201d<\/strong>\u00a0y se busc\u00f3 que los adjudicatarios recorran las casas junto a profesionales de la materia para poder hacer una evaluaci\u00f3n.<\/p>\n<p>&nbsp;<\/p>\n<p>Quiz\u00e1s un error en el que cay\u00f3 uno de los concejales fue en<strong>\u00a0adelantar una \u00bfinterpelaci\u00f3n? al Secretario de Obras P\u00fablicas, Julio Ferraro<\/strong>. Se busc\u00f3 citarlo para la sesi\u00f3n especial \u201ccon car\u00e1cter normativo de una interpelaci\u00f3n\u201d pero que entra en contradicci\u00f3n con la LOM y el reglamento interno del HCD: para que tenga ese car\u00e1cter, deber\u00e1 aprobarse un proyecto de convocatoria, fijar fecha, preguntas, y all\u00ed reci\u00e9n asistir. Incluso, Ferraro no est\u00e1 estrictamente obligado a ir.<\/p>\n<p>&nbsp;<\/p>\n<p>Lo concreto es que se hizo \u00e9nfasis, adem\u00e1s, en que\u00a0<strong>el encargado de certificar la obra por parte del Municipio en las Tuvi es Rub\u00e9n Sierra<\/strong>\u00a0(por lo bajo se aclar\u00f3 que es la misma persona condenada y luego absuelta por la muerte de un joven por un limitador de altura del puente de avenida Sarmiento) y que habr\u00eda importantes\u00a0<strong>contradicciones y faltas entre lo firmado por los adjudicatarios en el convenio y el expediente normativo<\/strong>\u00a0de dicho convenio.\u00a0<em>\u201cFueron enga\u00f1ados\u201d<\/em>\u00a0dijeron los ediles.<\/p>\n<p>&nbsp;<\/p>\n<p>De aqu\u00ed en adelante, hubo varios <a href=\"https:\/\/cdnoticias.com\/index.php\/2022\/05\/03\/desde-obras-publicas-respondieron-a-los-concejales-del-frente-de-todos\/\" target=\"_blank\" rel=\"noopener\">gestos del Municipio reforzando la idea de que todo va sobre rieles<\/a> y que las casas est\u00e1n realizadas con buenos materiales y siguiendo un m\u00e9todo espec\u00edfico: primero fue\u00a0<strong>Gonzalo Ort\u00edz, subsecretario de Obras P\u00fablicas, quien explic\u00f3 que el expediente no ten\u00eda errores<\/strong>, los adjudicatarios podr\u00edan ingresar a las casas el pr\u00f3ximo lunes, y que\u00a0<em>\u201ces il\u00f3gico el pedido de suspender la construcci\u00f3n de viviendas. Esto no har\u00eda m\u00e1s que demorar la obra y perjudicar a los vecinos en el sue\u00f1o de la casa propia\u201d<\/em>.<\/p>\n<p>&nbsp;<\/p>\n<p><img data-recalc-dims=\"1\" loading=\"lazy\" decoding=\"async\" class=\"size-full wp-image-51652 aligncenter\" src=\"https:\/\/i0.wp.com\/cdnoticias.com\/wp-content\/uploads\/2022\/04\/Obras-Reunion-adjudicatarios-1.jpg?resize=800%2C445&#038;ssl=1\" alt=\"\" width=\"800\" height=\"445\" srcset=\"https:\/\/i0.wp.com\/cdnoticias.com\/wp-content\/uploads\/2022\/04\/Obras-Reunion-adjudicatarios-1.jpg?w=800&amp;ssl=1 800w, https:\/\/i0.wp.com\/cdnoticias.com\/wp-content\/uploads\/2022\/04\/Obras-Reunion-adjudicatarios-1.jpg?resize=300%2C167&amp;ssl=1 300w, https:\/\/i0.wp.com\/cdnoticias.com\/wp-content\/uploads\/2022\/04\/Obras-Reunion-adjudicatarios-1.jpg?resize=768%2C427&amp;ssl=1 768w\" sizes=\"auto, (max-width: 800px) 100vw, 800px\" \/><\/p>\n<p>&nbsp;<\/p>\n<p>A las horas (\u00bfy con alg\u00fan cambio de vocero de \u00faltima hora?) <a href=\"https:\/\/cdnoticias.com\/index.php\/2022\/05\/04\/ferraro-sobre-las-tuvi-se-cumplio-con-todo-esta-todo-ordenado\/\" target=\"_blank\" rel=\"noopener\">quien sali\u00f3 al ruedo medi\u00e1tico fue\u00a0<\/a><strong>el secretario Ferraro, quien destac\u00f3 el rol (y atenci\u00f3n con este nombre) de la ingeniera que controla los trabajos<\/strong>\u00a0desde la empresa adjudicada, Susana Bair\u00f3. \u00bfSer\u00e1 una carta a tener en cuenta en la sesi\u00f3n especial?<\/p>\n<p>&nbsp;<\/p>\n<p>M\u00e1s all\u00e1 de este peque\u00f1o asterisco, admiti\u00f3 que hubo atrasos en la firma del convenio con los adjudicatarios pero eso no lo hac\u00eda inv\u00e1lido, y que los materiales, a contrario de lo que se dicen (y muchos aducen haber visto) son de buena calidad.\u00a0<em>\u201cElaboramos un pliego con especificaciones t\u00e9cnicas de c\u00f3mo tienen que ser los materiales y hacemos que se cumpla, tenemos inspecciones para verificar que se cumpla\u201d<\/em>.<\/p>\n<p>&nbsp;<\/p>\n<p>En di\u00e1logos m\u00e1s informales, desde la comuna\u00a0<strong>se hizo especial \u00e9nfasis en que las casas, si eventualmente tuvieran un inconveniente \u201ctienen garant\u00eda por un a\u00f1o\u201d<\/strong>\u00a0aunque esto no fue aclarado, a\u00fan, por ning\u00fan funcionario que habl\u00f3 p\u00fablicamente. Seguramente, en la defensa de la postura oficial, el bloque Juntos aclare este punto en la sesi\u00f3n especial.<\/p>\n<p>&nbsp;<\/p>\n<p>Claro que los adjudicatarios no quieren llegar a tener que ejecutar ninguna garant\u00eda y pretenden una obra bien hecha de entrada. Y justamente \u2026.<\/p>\n<p>&nbsp;<\/p>\n<p><strong>La palabra de una adjudicataria<\/strong><\/p>\n<p>&nbsp;<\/p>\n<p>Era una de las piezas que faltaban: todo el mundo hablaba \u201cen nombre de\u201d pero ning\u00fan adjudicatario o adjudicataria hab\u00eda tomado la palabra en este tema. Pues bien, hubo una que lo hizo y\u00a0<strong>coment\u00f3 su situaci\u00f3n catalogada de \u201cdesilusi\u00f3n\u201d por varios puntos bastante t\u00e9cnicos<\/strong>, pero uno que pon\u00eda en sospecha no tanto la calidad de los materiales, sino la metodolog\u00eda de construcci\u00f3n por parte de la empresa de Mariano Escobedo (as\u00ed figura el nombre de la empresa en la licitaci\u00f3n).<\/p>\n<p>&nbsp;<\/p>\n<p><img data-recalc-dims=\"1\" loading=\"lazy\" decoding=\"async\" class=\"size-full wp-image-51653 aligncenter\" src=\"https:\/\/i0.wp.com\/cdnoticias.com\/wp-content\/uploads\/2022\/04\/Obras-Reunion-adjudicatarios-2.jpg?resize=800%2C445&#038;ssl=1\" alt=\"\" width=\"800\" height=\"445\" srcset=\"https:\/\/i0.wp.com\/cdnoticias.com\/wp-content\/uploads\/2022\/04\/Obras-Reunion-adjudicatarios-2.jpg?w=800&amp;ssl=1 800w, https:\/\/i0.wp.com\/cdnoticias.com\/wp-content\/uploads\/2022\/04\/Obras-Reunion-adjudicatarios-2.jpg?resize=300%2C167&amp;ssl=1 300w, https:\/\/i0.wp.com\/cdnoticias.com\/wp-content\/uploads\/2022\/04\/Obras-Reunion-adjudicatarios-2.jpg?resize=768%2C427&amp;ssl=1 768w\" sizes=\"auto, (max-width: 800px) 100vw, 800px\" \/><\/p>\n<p>&nbsp;<\/p>\n<p><a href=\"https:\/\/cdnoticias.com\/index.php\/2022\/05\/04\/adjudicataria-de-tuvi-industrializada-la-sensacion-realmente-es-de-desilusion\/\" target=\"_blank\" rel=\"noopener\">Tras varios d\u00edas de lluvia entre enero y febrero, ella misma\u00a0pas\u00f3 por el barrio para ver las casas<\/a>. All\u00ed\u00a0<em>\u201ces donde sent\u00ed la sensaci\u00f3n de desilusi\u00f3n porque vi paneles tirados en el suelo, otros que estaban colgando y el viento los mov\u00eda. Se notaba que estaban mojados, desde la vereda uno pod\u00eda ver una mancha negra. Era una foto horrible y no esperaba encontrarme con eso\u201d<\/em>\u00a0relat\u00f3. Ese fue\u00a0<strong>el origen de la desconfianza<\/strong>.<\/p>\n<p>&nbsp;<\/p>\n<p>Mencion\u00f3 ciertas\u00a0<strong>contradicciones<\/strong>\u00a0entre reuniones donde oficialmente se informaban algunas cuestiones que no suced\u00edan, algunos puntos con muchas diferencias y finalmente la firma del famoso convenio donde se mostraba, otra vez, contradicciones entre la ordenanza que regula el sistema y lo que finalmente sucedi\u00f3 con la documentaci\u00f3n que recibieron.<\/p>\n<p>&nbsp;<\/p>\n<p>Aqu\u00ed podemos hacer un alto: una importante fuente del Palacio San Mart\u00edn confirm\u00f3 a este newsletter que\u00a0<strong>hubo consultas \u201cexternas\u201d acerca de c\u00f3mo estaba conformado el expediente\u00a0<\/strong>y que se indic\u00f3 como \u201cordenado\u201d. \u00bfQui\u00e9n fue una de estas personas que cheque\u00f3 toda la cuesti\u00f3n administrativa?\u00a0<strong>Margarita Arregui, hoy secretaria del HCD<\/strong>\u00a0\u201cy que ha sido muy cr\u00edtica de la gesti\u00f3n de Ferraro\u201d.<\/p>\n<p>&nbsp;<\/p>\n<p>De todos modos, esta\u00a0<strong>oscilaci\u00f3n entre \u201ccasas mal hechas\u201d y \u201ccasas de mala calidad\u201d continuaba latente<\/strong>. No quedaba claro d\u00f3nde estaba la falla, o si todo estaba fallando. Entre el enojo del oficialismo que insist\u00eda que las casas estaban bien y\u00a0<em>\u201cestamos tratando de dar una m\u00ednima soluci\u00f3n a algo que ni Provincia ni Naci\u00f3n aportan\u201d<\/em>\u00a0a las constantes denuncias, lleg\u00f3 el momento de \u2026<\/p>\n<p>&nbsp;<\/p>\n<p><strong>La recorrida de Galli<\/strong><\/p>\n<p>&nbsp;<\/p>\n<p>Aqu\u00ed hay un peque\u00f1o cruce de temas. Mientras surg\u00edan las dudas de las razones por las que el intendente\u00a0<strong>Galli no fue al Foro de Intendentes del Pro en La Plata, apareci\u00f3 una comunicaci\u00f3n que lo mostr\u00f3 recorriendo las viviendas industrializadas del Tuvi<\/strong>.<\/p>\n<p>&nbsp;<\/p>\n<p><img data-recalc-dims=\"1\" loading=\"lazy\" decoding=\"async\" class=\"size-large wp-image-53712 aligncenter\" src=\"https:\/\/i0.wp.com\/cdnoticias.com\/wp-content\/uploads\/2022\/05\/Obras-TuVI-Industrializadas-1-scaled-1.jpg?resize=800%2C534&#038;ssl=1\" alt=\"\" width=\"800\" height=\"534\" srcset=\"https:\/\/i0.wp.com\/cdnoticias.com\/wp-content\/uploads\/2022\/05\/Obras-TuVI-Industrializadas-1-scaled-1.jpg?resize=1024%2C684&amp;ssl=1 1024w, https:\/\/i0.wp.com\/cdnoticias.com\/wp-content\/uploads\/2022\/05\/Obras-TuVI-Industrializadas-1-scaled-1.jpg?resize=300%2C201&amp;ssl=1 300w, https:\/\/i0.wp.com\/cdnoticias.com\/wp-content\/uploads\/2022\/05\/Obras-TuVI-Industrializadas-1-scaled-1.jpg?resize=768%2C513&amp;ssl=1 768w, https:\/\/i0.wp.com\/cdnoticias.com\/wp-content\/uploads\/2022\/05\/Obras-TuVI-Industrializadas-1-scaled-1.jpg?resize=1536%2C1027&amp;ssl=1 1536w, https:\/\/i0.wp.com\/cdnoticias.com\/wp-content\/uploads\/2022\/05\/Obras-TuVI-Industrializadas-1-scaled-1.jpg?resize=2048%2C1369&amp;ssl=1 2048w, https:\/\/i0.wp.com\/cdnoticias.com\/wp-content\/uploads\/2022\/05\/Obras-TuVI-Industrializadas-1-scaled-1.jpg?resize=272%2C182&amp;ssl=1 272w, https:\/\/i0.wp.com\/cdnoticias.com\/wp-content\/uploads\/2022\/05\/Obras-TuVI-Industrializadas-1-scaled-1.jpg?w=1600&amp;ssl=1 1600w, https:\/\/i0.wp.com\/cdnoticias.com\/wp-content\/uploads\/2022\/05\/Obras-TuVI-Industrializadas-1-scaled-1.jpg?w=2400&amp;ssl=1 2400w\" sizes=\"auto, (max-width: 800px) 100vw, 800px\" \/><\/p>\n<p>&nbsp;<\/p>\n<p><a href=\"https:\/\/cdnoticias.com\/index.php\/2022\/05\/05\/tuvi-tras-los-reclamos-el-intendente-recorrio-las-viviendas-industrializadas\/\" target=\"_blank\" rel=\"noopener\">Defendieron abiertamente el sistema de wood framing y Galli incluso lo defini\u00f3 como<\/a><em>\u00a0\u201clo que viene en el futuro. Presenta una serie de beneficios con respecto al sistema de construcci\u00f3n tradicional como por ejemplo la eficiencia energ\u00e9tica y tienen un excelente sistema de aislaci\u00f3n\u201d<\/em>.<\/p>\n<p>&nbsp;<\/p>\n<p>Acompa\u00f1ado de Hilario Galli, Julio Ferraro y Susana Bair\u00f3 (sigan de cerca este nombre) el jefe comunal aprovech\u00f3 para tirar un palito hacia arriba y, de paso, atacar a la oposici\u00f3n local -que es oficialismo a nivel provincial y nacional- dejando en claro que\u00a0<strong>\u201cNo tenemos planes de viviendas nacionales ni provinciales pero vamos a seguir haciendo todo lo que est\u00e9 a nuestro alcance para ayudar a los olavarrienses a cumplir el sue\u00f1o de la casa propia\u201d<\/strong>.<\/p>\n<p>&nbsp;<\/p>\n<p>Las posturas estaban m\u00e1s que claras: <em>un Ejecutivo y su defensa f\u00e9rrea del programa industrializado, y un Frente de Todos dispuesto a \u201cexponer\u201d las deficiencias de las viviendas<\/em> en calidad, m\u00e9todo de construcci\u00f3n y empresa elegida para llevar adelante la obra.<\/p>\n<p>&nbsp;<\/p>\n<p>Vamos a se\u00f1alar que hay m\u00e1s elementos. Se hizo circular\u00a0<strong>un informe t\u00e9cnico<\/strong>\u00a0con dur\u00edsimas cr\u00edticas a la obra y fotos de las fallas detectadas. Algunas semanas antes, tambi\u00e9n se difundieron las\u00a0<strong>explicaciones de la ingeniera sobre problemas t\u00e9cnicos en el inicio de la obra<\/strong>\u00a0que derivaron en la demora.<\/p>\n<p>&nbsp;<\/p>\n<p>Cuando todo parec\u00eda encaminado hacia la sesi\u00f3n especial, tuvimos\u2026<\/p>\n<p>&nbsp;<\/p>\n<p><strong>La inspecci\u00f3n del Ministerio de Trabajo<\/strong><\/p>\n<p>&nbsp;<\/p>\n<p><em>\u201c\u00bfCu\u00e1ndo comunic\u00f3 una inspecci\u00f3n el Ministerio de Trabajo local? \u00bfCu\u00e1ndo hizo controles un s\u00e1bado?\u201d<\/em>\u00a0se pregunt\u00f3, visiblemente enojado, un funcionario local. Horas despu\u00e9s el Intendente, de forma sutil, le pondr\u00eda palabras a las inspecciones de la delegaci\u00f3n local del Ministerio de Trabajo:<strong>\u00a0\u201cEl Estado al servicio de la pol\u00edtica\u201d<\/strong>\u00a0dijo en su cuenta de Twitter cerca de las 23 horas.<\/p>\n<p>&nbsp;<\/p>\n<p>Lo concreto es que, m\u00e1s all\u00e1 de ese tema no menor, <a href=\"https:\/\/cdnoticias.com\/index.php\/2022\/05\/07\/el-ministerio-de-trabajo-realizo-una-inspeccion-a-las-obras-tuvi\/\" target=\"_blank\" rel=\"noopener\">la delegaci\u00f3n del Ministerio de Trabajo\u00a0<strong>encontr\u00f3 irregularidades en la empresa que gestiona las TUVI industrializadas<\/strong><\/a>. Lo m\u00e1s importante:\u00a0<em>inconsistencias entre la fecha de ingreso de los trabajadores y lo que manifestaron como tal, y la falta de estudios preocupacionales, adem\u00e1s de encontrar varias formas de tributaci\u00f3n que entraban en contradicci\u00f3n entre s\u00ed<\/em>.<\/p>\n<p>&nbsp;<\/p>\n<p><img data-recalc-dims=\"1\" loading=\"lazy\" decoding=\"async\" class=\"aligncenter wp-image-53946\" src=\"https:\/\/i0.wp.com\/cdnoticias.com\/wp-content\/uploads\/2022\/05\/389a3f20-f583-4cfb-b5b0-32509adc9332.jpg?resize=450%2C600&#038;ssl=1\" alt=\"\" width=\"450\" height=\"600\" srcset=\"https:\/\/i0.wp.com\/cdnoticias.com\/wp-content\/uploads\/2022\/05\/389a3f20-f583-4cfb-b5b0-32509adc9332.jpg?resize=768%2C1024&amp;ssl=1 768w, https:\/\/i0.wp.com\/cdnoticias.com\/wp-content\/uploads\/2022\/05\/389a3f20-f583-4cfb-b5b0-32509adc9332.jpg?resize=225%2C300&amp;ssl=1 225w, https:\/\/i0.wp.com\/cdnoticias.com\/wp-content\/uploads\/2022\/05\/389a3f20-f583-4cfb-b5b0-32509adc9332.jpg?resize=1152%2C1536&amp;ssl=1 1152w, https:\/\/i0.wp.com\/cdnoticias.com\/wp-content\/uploads\/2022\/05\/389a3f20-f583-4cfb-b5b0-32509adc9332.jpg?w=1200&amp;ssl=1 1200w\" sizes=\"auto, (max-width: 450px) 100vw, 450px\" \/><\/p>\n<p>&nbsp;<\/p>\n<p>Se le pidi\u00f3 a la empresa la correcci\u00f3n y la entrega de documentaci\u00f3n pertinente para regularizar su situaci\u00f3n, caso contrario podr\u00edan ser infraccionados.<\/p>\n<p>&nbsp;<\/p>\n<p>Esta inspecci\u00f3n, independientemente del momento en que fue efectuada,\u00a0<strong>apuntala el coraz\u00f3n de una de las principales cr\u00edticas opositoras<\/strong>, que es que la empresa de Mariano Escobedo no tiene ni antecedentes ni una regularidad \u201cfirme\u201d para haber sido elegida como la empresa que lleve adelante los trabajos.\u00a0Justamente, en la conferencia de prensa del Frente de Todos en el HCD los ediles indicaron que<em>\u00a0\u201cen el mes que la empresa gan\u00f3 la licitaci\u00f3n su titular se dio de alta para ser empleador\u201d<\/em>\u00a0dando a entender \u201cimprovisaci\u00f3n\u201d.<\/p>\n<p>&nbsp;<\/p>\n<p>De todos modos,\u00a0<strong>el oficialismo catalog\u00f3 de \u201cburdo\u201d el control del Ministerio<\/strong>\u00a0y denunci\u00f3 que \u201ccon el relleno sanitario la gente de ADA fue dos veces a controlar, es correr muchos l\u00edmites\u201d y\u00a0<strong>se insisti\u00f3 con \u201cel Estado al servicio de la pol\u00edtica\u201d<\/strong>.<\/p>\n<p>&nbsp;<\/p>\n<p><strong>Una peque\u00f1a conclusi\u00f3n<\/strong><\/p>\n<p>&nbsp;<\/p>\n<p>A esta historia le faltan varios cap\u00edtulos. Lo concreto es que para saber si las casas son \u201cbuenas o malas\u201d habr\u00e1 que esperar.\u00a0<strong>El martes y mi\u00e9rcoles los adjudicatarios podr\u00e1n hacer visitas a la obra.<\/strong>\u00a0Seg\u00fan se pudo saber, la comunicaci\u00f3n que recibieron expone que \u201cuna sola persona\u201d por adjudicatario puede ir con lo que, hasta ahora, tienen que elegir si ir ellos o un experto que pueda detectar estos problemas si es que existen. Pero hay un tema latente: judicializar la situaci\u00f3n.<\/p>\n<p>&nbsp;<\/p>\n<p><strong>En el Concejo Deliberante ser\u00e1 dif\u00edcil que se aprueben proyectos<\/strong> cuando el oficialismo tendr\u00eda tambi\u00e9n el voto de sus aliados del radicalismo.<\/p>\n<p>&nbsp;<\/p>\n<p><img data-recalc-dims=\"1\" loading=\"lazy\" decoding=\"async\" class=\"size-large wp-image-39667 aligncenter\" src=\"https:\/\/i0.wp.com\/cdnoticias.com\/wp-content\/uploads\/2021\/11\/Obras-Construccion-TuVi-Industrializadas-1-scaled.jpg?resize=800%2C534&#038;ssl=1\" alt=\"\" width=\"800\" height=\"534\" srcset=\"https:\/\/i0.wp.com\/cdnoticias.com\/wp-content\/uploads\/2021\/11\/Obras-Construccion-TuVi-Industrializadas-1-scaled.jpg?resize=1024%2C684&amp;ssl=1 1024w, https:\/\/i0.wp.com\/cdnoticias.com\/wp-content\/uploads\/2021\/11\/Obras-Construccion-TuVi-Industrializadas-1-scaled.jpg?resize=300%2C201&amp;ssl=1 300w, https:\/\/i0.wp.com\/cdnoticias.com\/wp-content\/uploads\/2021\/11\/Obras-Construccion-TuVi-Industrializadas-1-scaled.jpg?resize=768%2C513&amp;ssl=1 768w, https:\/\/i0.wp.com\/cdnoticias.com\/wp-content\/uploads\/2021\/11\/Obras-Construccion-TuVi-Industrializadas-1-scaled.jpg?resize=272%2C182&amp;ssl=1 272w, https:\/\/i0.wp.com\/cdnoticias.com\/wp-content\/uploads\/2021\/11\/Obras-Construccion-TuVi-Industrializadas-1-scaled.jpg?w=1600&amp;ssl=1 1600w, https:\/\/i0.wp.com\/cdnoticias.com\/wp-content\/uploads\/2021\/11\/Obras-Construccion-TuVi-Industrializadas-1-scaled.jpg?w=2400&amp;ssl=1 2400w\" sizes=\"auto, (max-width: 800px) 100vw, 800px\" \/><\/p>\n<p>&nbsp;<\/p>\n<p>Lo concreto es que la apuesta fuerte tiene resistencias. Y algunas desprolijidades que deber\u00e1n recalcular pensando en el futuro. \u00bfSe podr\u00eda pensar en viviendas industrializadas con otro sistema, como el steel framing, por citar un ejemplo? Es una posibilidad.<\/p>\n<p>&nbsp;<\/p>\n<p>Y un dato no menor:\u00a0<strong>hasta ahora no hubo absolutamente ninguna queja de las viviendas de construcci\u00f3n tradicional<\/strong>, lo que puede concluir en que el sistema de adjudicaci\u00f3n de TUVI tendr\u00e1 acuerdos o diferencias pero sirvi\u00f3. Todo el problema se concentr\u00f3 en las industrializadas, donde se deber\u00e1 reveer qu\u00e9 fall\u00f3 y qu\u00e9 no puede volver a fallar, en caso de que la gesti\u00f3n municipal decida \u201capostar a futuro\u201d en palabras del Intendente Galli.<\/p>\n<p>&nbsp;<\/p>\n<p><strong>El faltazo, las versiones, los caminos<\/strong><\/p>\n<p>&nbsp;<\/p>\n<p>Del Galli referente provincial al duro mensaje del Foro de Intendentes. Si bien las TUVI y la recorrida por el edificio del Instituto de Educaci\u00f3n F\u00edsica fueron prioridad para Galli y motivo suficiente para no viajar a La Plata junto con los mandatarios Pro,\u00a0<strong>su ausencia dej\u00f3 otro mensaje y hasta algunos reproches\u2026 la interna de Juntos tambi\u00e9n juega su partido<\/strong>.<\/p>\n<p>&nbsp;<\/p>\n<p>Si bien Santilli, Grindetti y Garro acordaron un boxeo pero con guantes de peluche -no criticarse con dureza ni profundizar diferencias (que se dirimir\u00e1n puertas para adentro, en el cierre de listas o una eventual PASO para la gobernaci\u00f3n)-\u00a0<strong>el jefe comunal de nuestra ciudad dej\u00f3 en claro reiteradas oportunidades que trabajar\u00e1 para que el \u201cColo\u201d sea el sucesor de Kicillof<\/strong>\u00a0en la Provincia de Buenos Aires.<\/p>\n<p>&nbsp;<\/p>\n<p>A eso debemos sumar la postura de\u00a0<strong>Grindetti\u00a0<\/strong>de que \u201cun intendente debe ser gobernador\u201d.\u00a0<strong>\u201cLo que no dice es que el intendente que quiere que sea gobernador es \u00e9l mismo\u201d<\/strong>\u00a0se quej\u00f3 un poco entre risas un consultado por la interna.<\/p>\n<p>&nbsp;<\/p>\n<p>Lo concreto es que la reuni\u00f3n del Foro de Intendentes podr\u00eda servir, tambi\u00e9n, para\u00a0<strong>potenciar otros candidatos<\/strong>\u00a0m\u00e1s all\u00e1 de Colo Santilli. Incluso, en \u201cdetrimento\u201d de la inminente candidatura del diputado nacional.<\/p>\n<p>&nbsp;<\/p>\n<p><img data-recalc-dims=\"1\" loading=\"lazy\" decoding=\"async\" class=\"size-large wp-image-53265 aligncenter\" src=\"https:\/\/i0.wp.com\/cdnoticias.com\/wp-content\/uploads\/2022\/04\/Firma-Convenio-Olavarria-Lanus-2-scaled-1.jpg?resize=800%2C534&#038;ssl=1\" alt=\"\" width=\"800\" height=\"534\" srcset=\"https:\/\/i0.wp.com\/cdnoticias.com\/wp-content\/uploads\/2022\/04\/Firma-Convenio-Olavarria-Lanus-2-scaled-1.jpg?resize=1024%2C684&amp;ssl=1 1024w, https:\/\/i0.wp.com\/cdnoticias.com\/wp-content\/uploads\/2022\/04\/Firma-Convenio-Olavarria-Lanus-2-scaled-1.jpg?resize=300%2C201&amp;ssl=1 300w, https:\/\/i0.wp.com\/cdnoticias.com\/wp-content\/uploads\/2022\/04\/Firma-Convenio-Olavarria-Lanus-2-scaled-1.jpg?resize=768%2C513&amp;ssl=1 768w, https:\/\/i0.wp.com\/cdnoticias.com\/wp-content\/uploads\/2022\/04\/Firma-Convenio-Olavarria-Lanus-2-scaled-1.jpg?resize=1536%2C1027&amp;ssl=1 1536w, https:\/\/i0.wp.com\/cdnoticias.com\/wp-content\/uploads\/2022\/04\/Firma-Convenio-Olavarria-Lanus-2-scaled-1.jpg?resize=2048%2C1369&amp;ssl=1 2048w, https:\/\/i0.wp.com\/cdnoticias.com\/wp-content\/uploads\/2022\/04\/Firma-Convenio-Olavarria-Lanus-2-scaled-1.jpg?resize=272%2C182&amp;ssl=1 272w, https:\/\/i0.wp.com\/cdnoticias.com\/wp-content\/uploads\/2022\/04\/Firma-Convenio-Olavarria-Lanus-2-scaled-1.jpg?w=1600&amp;ssl=1 1600w, https:\/\/i0.wp.com\/cdnoticias.com\/wp-content\/uploads\/2022\/04\/Firma-Convenio-Olavarria-Lanus-2-scaled-1.jpg?w=2400&amp;ssl=1 2400w\" sizes=\"auto, (max-width: 800px) 100vw, 800px\" \/><\/p>\n<p>&nbsp;<\/p>\n<p>La agenda local prim\u00f3 y le sirvi\u00f3, tambi\u00e9n, para \u201cavalar\u201d una profundizaci\u00f3n de ruidos internos. \u201cAdem\u00e1s es\u00a0<strong>una aventura que no va a prosperar<\/strong>, las candidaturas se van a buscar unificar o ir a internas con el radicalismo y para eso vamos a necesitar un solo nombre, no 10 como quieren algunos\u201d indic\u00f3 una fuente cercana al Intendente en di\u00e1logo con este newsletter.<\/p>\n<p>&nbsp;<\/p>\n<p>Pero tambi\u00e9n pas\u00f3 algo m\u00e1s, digamos todo.\u00a0<strong>Es m\u00e1s que visible que Galli y su aventura provincial puede desviarle el foco del futuro local\u2026 no ser\u00eda la primera vez que sucede en un dirigente pol\u00edtico.\u00a0<\/strong>En ese sentido, la respuesta ante las insistentes consultas sobre lo sucedido con el Foro fueron\u00a0<em>\u201csi va a ser candidato a Intendente tiene que enfocarse al 100% en los problemas de los olavarrienses y seguir de cerca cada tema que sucede en la Municipalidad\u201d<\/em>.<\/p>\n<p>&nbsp;<\/p>\n<p>Si bien lo que sigui\u00f3 fue un \u201cigual falta un a\u00f1o, puede pasar cualquier cosa\u201d la risa c\u00f3mplice de las palabras casi que confirmaron que\u00a0<strong>Ezequiel Galli tendr\u00eda decidido candidatearse y aspirar por un nuevo periodo como intendente de Olavarr\u00eda<\/strong>.<\/p>\n<p>&nbsp;<\/p>\n<p><strong>* Un extracto<\/strong><\/p>\n<p>&nbsp;<\/p>\n<p>Esta publicaci\u00f3n es parte de la edici\u00f3n de este domingo del\u00a0<strong>newsletter Volver a las Fuentes<\/strong>\u00a0que escriben\u00a0<strong>Alexis Grierson y Josefina Bargas<\/strong>. <a href=\"https:\/\/mailchi.mp\/628acf43a71a\/la-primera-vivienda-y-la-puja-de-los-deseos\" target=\"_blank\" rel=\"noopener\">La edici\u00f3n completa est\u00e1 disponible aqu\u00ed <\/a>\u00a0y se suscribir de forma gratuita para recibirlo por mail\u00a0<a href=\"https:\/\/gmail.us17.list-manage.com\/subscribe?u=cba2a41506a8e26d100c3f0f8&amp;id=63ce583cd9\" target=\"_blank\" rel=\"noopener\">dejando sus datos en este formulario<\/a>.<\/p>\n","protected":false},"excerpt":{"rendered":"<p>Las pujas en torno al tema TUVI tuvieron las voces de los concejales del Frente de Todos, al Ejecutivo, a<\/p>\n","protected":false},"author":4,"featured_media":53999,"comment_status":"closed","ping_status":"closed","sticky":false,"template":"","format":"standard","meta":{"_jetpack_memberships_contains_paid_content":false,"footnotes":""},"categories":[4,1],"tags":[],"class_list":["post-53995","post","type-post","status-publish","format-standard","has-post-thumbnail","hentry","category-politica","category-portada"],"jetpack_featured_media_url":"https:\/\/i0.wp.com\/cdnoticias.com\/wp-content\/uploads\/2022\/05\/Obras-TuVI-Industrializadas00.jpg?fit=800%2C445&ssl=1","jetpack_sharing_enabled":true,"_links":{"self":[{"href":"https:\/\/cdnoticias.com\/index.php\/wp-json\/wp\/v2\/posts\/53995","targetHints":{"allow":["GET"]}}],"collection":[{"href":"https:\/\/cdnoticias.com\/index.php\/wp-json\/wp\/v2\/posts"}],"about":[{"href":"https:\/\/cdnoticias.com\/index.php\/wp-json\/wp\/v2\/types\/post"}],"author":[{"embeddable":true,"href":"https:\/\/cdnoticias.com\/index.php\/wp-json\/wp\/v2\/users\/4"}],"replies":[{"embeddable":true,"href":"https:\/\/cdnoticias.com\/index.php\/wp-json\/wp\/v2\/comments?post=53995"}],"version-history":[{"count":0,"href":"https:\/\/cdnoticias.com\/index.php\/wp-json\/wp\/v2\/posts\/53995\/revisions"}],"wp:featuredmedia":[{"embeddable":true,"href":"https:\/\/cdnoticias.com\/index.php\/wp-json\/wp\/v2\/media\/53999"}],"wp:attachment":[{"href":"https:\/\/cdnoticias.com\/index.php\/wp-json\/wp\/v2\/media?parent=53995"}],"wp:term":[{"taxonomy":"category","embeddable":true,"href":"https:\/\/cdnoticias.com\/index.php\/wp-json\/wp\/v2\/categories?post=53995"},{"taxonomy":"post_tag","embeddable":true,"href":"https:\/\/cdnoticias.com\/index.php\/wp-json\/wp\/v2\/tags?post=53995"}],"curies":[{"name":"wp","href":"https:\/\/api.w.org\/{rel}","templated":true}]}}