{"id":53941,"date":"2022-05-07T20:14:41","date_gmt":"2022-05-07T23:14:41","guid":{"rendered":"https:\/\/www.centraldenoticias.com.ar\/?p=53941"},"modified":"2022-05-07T21:04:47","modified_gmt":"2022-05-08T00:04:47","slug":"el-ministerio-de-trabajo-realizo-una-inspeccion-a-las-obras-tuvi","status":"publish","type":"post","link":"https:\/\/cdnoticias.com\/index.php\/2022\/05\/07\/el-ministerio-de-trabajo-realizo-una-inspeccion-a-las-obras-tuvi\/","title":{"rendered":"El Ministerio de Trabajo realiz\u00f3 una inspecci\u00f3n a las obras TUVI"},"content":{"rendered":"<p>Durante la visita se constat\u00f3 de la condici\u00f3n de medidas de seguridad e higiene hacia los trabajadores, como as\u00ed tambi\u00e9n se corrobor\u00f3 la registraci\u00f3n laboral de los mismos.<br \/>\n<!--more--><\/p>\n<hr \/>\n<p>&nbsp;<\/p>\n<p>Entre el viernes 6 y el s\u00e1bado 7 de mayo el <strong>Ministerio de Trabajo de la Provincia de Buenos Aires,<\/strong> <strong>realiz\u00f3 una inspecci\u00f3n a las obras realizadas en el marco del programa viviendas TUVI.<\/strong><\/p>\n<p>&nbsp;<\/p>\n<p>&#8220;<strong>Durante la visita se constat\u00f3 de la condici\u00f3n de medidas de seguridad e higiene hacia los trabajadores,<\/strong> como as\u00ed tambi\u00e9n se <strong>corrobor\u00f3 la registraci\u00f3n laboral de los trabajadores<\/strong>&#8221; se indic\u00f3.<\/p>\n<p>&nbsp;<\/p>\n<p><img data-recalc-dims=\"1\" loading=\"lazy\" decoding=\"async\" class=\"aligncenter wp-image-53946 size-large\" src=\"https:\/\/i0.wp.com\/cdnoticias.com\/wp-content\/uploads\/2022\/05\/389a3f20-f583-4cfb-b5b0-32509adc9332.jpg?resize=768%2C1024&#038;ssl=1\" alt=\"\" width=\"768\" height=\"1024\" srcset=\"https:\/\/i0.wp.com\/cdnoticias.com\/wp-content\/uploads\/2022\/05\/389a3f20-f583-4cfb-b5b0-32509adc9332.jpg?resize=768%2C1024&amp;ssl=1 768w, https:\/\/i0.wp.com\/cdnoticias.com\/wp-content\/uploads\/2022\/05\/389a3f20-f583-4cfb-b5b0-32509adc9332.jpg?resize=225%2C300&amp;ssl=1 225w, https:\/\/i0.wp.com\/cdnoticias.com\/wp-content\/uploads\/2022\/05\/389a3f20-f583-4cfb-b5b0-32509adc9332.jpg?resize=1152%2C1536&amp;ssl=1 1152w, https:\/\/i0.wp.com\/cdnoticias.com\/wp-content\/uploads\/2022\/05\/389a3f20-f583-4cfb-b5b0-32509adc9332.jpg?w=1200&amp;ssl=1 1200w\" sizes=\"auto, (max-width: 768px) 100vw, 768px\" \/><\/p>\n<p>&nbsp;<\/p>\n<p>&#8220;El resultado de la misma arroj\u00f3 en primer lugar<strong> diferencia entre lo manifestado por los trabajadores en cuanto a su fecha de ingreso y la documentaci\u00f3n existente en la obra.<\/strong> Se corrobor\u00f3 que <strong>dos trabajadores estaban como monotributistas<\/strong> en las viviendas y<strong> dos trabajadores pertenecen a otra empresa.<\/strong> Al momento de la recorrida todos estaban ejecutando trabajos dentro de las viviendas.\u00a0Del mismo modo al menos 5 trabajadores manifestaron estar registrados desde una fecha y en la documentaci\u00f3n de la empresa figuran capacitaciones de seguridad de fechas anteriores, lo que presupone una<strong> defectuosa registraci\u00f3n<\/strong>&#8221; se agreg\u00f3.<\/p>\n<p>&nbsp;<\/p>\n<p><img data-recalc-dims=\"1\" loading=\"lazy\" decoding=\"async\" class=\"aligncenter wp-image-53944 size-large\" src=\"https:\/\/i0.wp.com\/cdnoticias.com\/wp-content\/uploads\/2022\/05\/ea31e352-a5e0-4c89-9cfb-4d06a2ec372c.jpg?resize=768%2C1024&#038;ssl=1\" alt=\"\" width=\"768\" height=\"1024\" srcset=\"https:\/\/i0.wp.com\/cdnoticias.com\/wp-content\/uploads\/2022\/05\/ea31e352-a5e0-4c89-9cfb-4d06a2ec372c.jpg?resize=768%2C1024&amp;ssl=1 768w, https:\/\/i0.wp.com\/cdnoticias.com\/wp-content\/uploads\/2022\/05\/ea31e352-a5e0-4c89-9cfb-4d06a2ec372c.jpg?resize=225%2C300&amp;ssl=1 225w, https:\/\/i0.wp.com\/cdnoticias.com\/wp-content\/uploads\/2022\/05\/ea31e352-a5e0-4c89-9cfb-4d06a2ec372c.jpg?resize=1152%2C1536&amp;ssl=1 1152w, https:\/\/i0.wp.com\/cdnoticias.com\/wp-content\/uploads\/2022\/05\/ea31e352-a5e0-4c89-9cfb-4d06a2ec372c.jpg?w=1200&amp;ssl=1 1200w\" sizes=\"auto, (max-width: 768px) 100vw, 768px\" \/><\/p>\n<p>&nbsp;<\/p>\n<p>&#8220;Por tal motivo, ante varios trabajadores en situaci\u00f3n irregular <strong>se intim\u00f3 a la empresa a que haga entrega de toda la documentaci\u00f3n laboral que certifique la real fecha de ingreso.<\/strong> <strong>En caso contrario, se proceder\u00e1 a infraccionar a la empresa por no tener debidamente registrados a los trabajadores<\/strong>. Del mismo modo <strong>se encontraron falencias en la seguridad al no constatarse la existencia de ex\u00e1menes m\u00e9dicos<\/strong> preocupacionales, por lo cual el inspector volver\u00e1 a la obra para que la empresa acredite haberlos realizado bajo apercibimiento de multa&#8221; se declar\u00f3.<\/p>\n<p>&nbsp;<\/p>\n<p>&nbsp;<\/p>\n","protected":false},"excerpt":{"rendered":"<p>Durante la visita se constat\u00f3 de la condici\u00f3n de medidas de seguridad e higiene hacia los trabajadores, como as\u00ed tambi\u00e9n<\/p>\n","protected":false},"author":6,"featured_media":53945,"comment_status":"closed","ping_status":"closed","sticky":false,"template":"","format":"standard","meta":{"_jetpack_memberships_contains_paid_content":false,"footnotes":""},"categories":[5,1],"tags":[],"class_list":["post-53941","post","type-post","status-publish","format-standard","has-post-thumbnail","hentry","category-informacion-general","category-portada"],"jetpack_featured_media_url":"https:\/\/i0.wp.com\/cdnoticias.com\/wp-content\/uploads\/2022\/05\/Diseno-sin-titulo.jpg?fit=1920%2C1080&ssl=1","jetpack_sharing_enabled":true,"_links":{"self":[{"href":"https:\/\/cdnoticias.com\/index.php\/wp-json\/wp\/v2\/posts\/53941","targetHints":{"allow":["GET"]}}],"collection":[{"href":"https:\/\/cdnoticias.com\/index.php\/wp-json\/wp\/v2\/posts"}],"about":[{"href":"https:\/\/cdnoticias.com\/index.php\/wp-json\/wp\/v2\/types\/post"}],"author":[{"embeddable":true,"href":"https:\/\/cdnoticias.com\/index.php\/wp-json\/wp\/v2\/users\/6"}],"replies":[{"embeddable":true,"href":"https:\/\/cdnoticias.com\/index.php\/wp-json\/wp\/v2\/comments?post=53941"}],"version-history":[{"count":0,"href":"https:\/\/cdnoticias.com\/index.php\/wp-json\/wp\/v2\/posts\/53941\/revisions"}],"wp:featuredmedia":[{"embeddable":true,"href":"https:\/\/cdnoticias.com\/index.php\/wp-json\/wp\/v2\/media\/53945"}],"wp:attachment":[{"href":"https:\/\/cdnoticias.com\/index.php\/wp-json\/wp\/v2\/media?parent=53941"}],"wp:term":[{"taxonomy":"category","embeddable":true,"href":"https:\/\/cdnoticias.com\/index.php\/wp-json\/wp\/v2\/categories?post=53941"},{"taxonomy":"post_tag","embeddable":true,"href":"https:\/\/cdnoticias.com\/index.php\/wp-json\/wp\/v2\/tags?post=53941"}],"curies":[{"name":"wp","href":"https:\/\/api.w.org\/{rel}","templated":true}]}}