{"id":53924,"date":"2022-05-07T21:04:35","date_gmt":"2022-05-08T00:04:35","guid":{"rendered":"https:\/\/www.centraldenoticias.com.ar\/?p=53924"},"modified":"2022-05-08T10:55:47","modified_gmt":"2022-05-08T13:55:47","slug":"luego-de-dos-anos-de-virtualidad-se-realizo-la-marcha-mundial-de-la-marihuana-en-olavarria","status":"publish","type":"post","link":"https:\/\/cdnoticias.com\/index.php\/2022\/05\/07\/luego-de-dos-anos-de-virtualidad-se-realizo-la-marcha-mundial-de-la-marihuana-en-olavarria\/","title":{"rendered":"Luego de dos a\u00f1os de virtualidad, se realiz\u00f3 la Marcha Mundial de la Marihuana en Olavarr\u00eda"},"content":{"rendered":"<p>El encuentro fue en el Paseo Jes\u00fas Mend\u00eda. Central de Noticias dialog\u00f3 con Emilio Hurtado, Presidente de Cannabis Activa, Manuela Cos y el Dr. Gast\u00f3n Barreto integrantes de la Mesa de Cannabis local. <!--more--><\/p>\n<hr \/>\n<p><em>Por: Danisa Jaime<\/em><\/p>\n<p>&nbsp;<\/p>\n<p>Este<strong> s\u00e1bado 7 de mayo<\/strong> se realiz\u00f3 la<strong> Marcha Mundial de la Marihuana<\/strong> en el Paseo Jes\u00fas Mend\u00eda. La concentraci\u00f3n fue a las 15:00 para luego dar lugar a la marcha a las 16:00. Se recorrieron las calles Rivadavia, General Paz, Vicente L\u00f3pez y Dorrego.<\/p>\n<p>&nbsp;<\/p>\n<p>La marcha fue convocada por la Asociaci\u00f3n Civil Cannabis Activa Olavarr\u00eda, Universidad y Cannabis y la Mesa de Cannabis del Honorable Concejo Deliberante.\u00a0Los <strong>reclamos fueron en torno a los siguientes ejes: regulaci\u00f3n, producci\u00f3n, salud, educaci\u00f3n e investigaci\u00f3n.<\/strong><\/p>\n<p>&nbsp;<\/p>\n<p><img data-recalc-dims=\"1\" loading=\"lazy\" decoding=\"async\" class=\"aligncenter wp-image-53927 size-large\" src=\"https:\/\/i0.wp.com\/cdnoticias.com\/wp-content\/uploads\/2022\/05\/WhatsApp-Image-2022-05-07-at-6.46.18-PM-2.jpeg?resize=800%2C600&#038;ssl=1\" alt=\"\" width=\"800\" height=\"600\" srcset=\"https:\/\/i0.wp.com\/cdnoticias.com\/wp-content\/uploads\/2022\/05\/WhatsApp-Image-2022-05-07-at-6.46.18-PM-2.jpeg?resize=1024%2C768&amp;ssl=1 1024w, https:\/\/i0.wp.com\/cdnoticias.com\/wp-content\/uploads\/2022\/05\/WhatsApp-Image-2022-05-07-at-6.46.18-PM-2.jpeg?resize=300%2C225&amp;ssl=1 300w, https:\/\/i0.wp.com\/cdnoticias.com\/wp-content\/uploads\/2022\/05\/WhatsApp-Image-2022-05-07-at-6.46.18-PM-2.jpeg?resize=768%2C576&amp;ssl=1 768w, https:\/\/i0.wp.com\/cdnoticias.com\/wp-content\/uploads\/2022\/05\/WhatsApp-Image-2022-05-07-at-6.46.18-PM-2.jpeg?resize=1536%2C1152&amp;ssl=1 1536w, https:\/\/i0.wp.com\/cdnoticias.com\/wp-content\/uploads\/2022\/05\/WhatsApp-Image-2022-05-07-at-6.46.18-PM-2.jpeg?w=1600&amp;ssl=1 1600w\" sizes=\"auto, (max-width: 800px) 100vw, 800px\" \/><\/p>\n<p>&nbsp;<\/p>\n<p><em>Central de Noticias<\/em> dialog\u00f3 con <strong>Emilio Hurtado<\/strong>, Presidente de Cannabis Activa quien previo a la marcha coment\u00f3 que <strong>&#8220;como siempre la idea es que crezca la marcha<\/strong>, esto no se hace desde el 2019 antes de la pandemia. Creemos que va a ser as\u00ed con todos los cambios desde la regulaci\u00f3n y desde la parte legal. Creo que va a ser que <strong>se visibilice un poco m\u00e1s la comunidad olavarriense<\/strong> (que es grande en cuanto al uso de cannabis) pero que a veces cuesta mostrarlo y tambi\u00e9n <strong>que se pueda mostrar la realidad de lo que sucede en Olavarr\u00eda con respecto a la planta<\/strong>&#8220;.<\/p>\n<p>&nbsp;<\/p>\n<p>El <strong>Dr. Gast\u00f3n Barreto<\/strong>, integrante de la Mesa local de Cannabis agreg\u00f3 que <strong>&#8220;hemos estado transitando una semana intensa con el tema cannabi<\/strong>s en t\u00e9rminos de cambios de regulaci\u00f3n y dem\u00e1s, y con algunos impactos que se han difundido a nivel local. M\u00e1s all\u00e1 de la marcha que es mucho m\u00e1s amplia, <strong>ahora hay una visibilizaci\u00f3n institucional y una discusi\u00f3n latente en la ciudad<\/strong> que creo que cambia un poco el escenario de c\u00f3mo se va visibilizar la marcha. En esta semana ha habido muchos simbolismos al respecto y este s\u00e1bado estar cerrando esta semana de arduas reuniones es s\u00faper importante.&#8221;<\/p>\n<p>&nbsp;<\/p>\n<p>Por otra parte, <strong>Manuela Cos<\/strong> quien tambi\u00e9n integra la <strong>Mesa Local de Cannabis,<\/strong> explic\u00f3 la relaci\u00f3n que tienen con el <strong>\u00e1rea de justicia y las fuerzas policiales.<\/strong><\/p>\n<p>&nbsp;<\/p>\n<p><img data-recalc-dims=\"1\" loading=\"lazy\" decoding=\"async\" class=\"aligncenter wp-image-53928 size-large\" src=\"https:\/\/i0.wp.com\/cdnoticias.com\/wp-content\/uploads\/2022\/05\/WhatsApp-Image-2022-05-07-at-6.46.21-PM-2.jpeg?resize=800%2C600&#038;ssl=1\" alt=\"\" width=\"800\" height=\"600\" srcset=\"https:\/\/i0.wp.com\/cdnoticias.com\/wp-content\/uploads\/2022\/05\/WhatsApp-Image-2022-05-07-at-6.46.21-PM-2.jpeg?resize=1024%2C768&amp;ssl=1 1024w, https:\/\/i0.wp.com\/cdnoticias.com\/wp-content\/uploads\/2022\/05\/WhatsApp-Image-2022-05-07-at-6.46.21-PM-2.jpeg?resize=300%2C225&amp;ssl=1 300w, https:\/\/i0.wp.com\/cdnoticias.com\/wp-content\/uploads\/2022\/05\/WhatsApp-Image-2022-05-07-at-6.46.21-PM-2.jpeg?resize=768%2C576&amp;ssl=1 768w, https:\/\/i0.wp.com\/cdnoticias.com\/wp-content\/uploads\/2022\/05\/WhatsApp-Image-2022-05-07-at-6.46.21-PM-2.jpeg?resize=1536%2C1152&amp;ssl=1 1536w, https:\/\/i0.wp.com\/cdnoticias.com\/wp-content\/uploads\/2022\/05\/WhatsApp-Image-2022-05-07-at-6.46.21-PM-2.jpeg?w=1600&amp;ssl=1 1600w\" sizes=\"auto, (max-width: 800px) 100vw, 800px\" \/><\/p>\n<p>&nbsp;<\/p>\n<p>&#8220;Desde la creaci\u00f3n de la Mesa el trabajo que<strong> se ha intentado hacer articuladamente es acercarnos a las fuerzas policiales y al \u00e1rea de la justicia y la realidad es que va muy lento<\/strong>. El a\u00f1o pasado logramos un primer acercamiento donde hubo un reconocimiento desde la falta de formaci\u00f3n y la falta de competencia. Eso nos pone en un gris absoluto y <strong>pone en situaci\u00f3n de riesgo y vulneraci\u00f3n constante a los compa\u00f1eros que son cultivadores y consumidores<\/strong>&#8221; indic\u00f3 Cos.<\/p>\n<p>&nbsp;<\/p>\n<p>De todas maneras, explic\u00f3 la joven, &#8220;reci\u00e9n se acerc\u00f3 voluntariamente un personal a cargo de comisar\u00eda primera que es nuevo en la ciudad, informando que cuenta con la capacitaci\u00f3n y la intencionalidad de ponerse a disposici\u00f3n para poder laburar, asumiendo lo que venimos viendo de la falta de formaci\u00f3n dentro del personal. De alguna manera <strong>este encuentro es un llamado a seguir abriendo puertas y poder laburar en conjunto ya que es necesario<\/strong>&#8220;.<\/p>\n<p>&nbsp;<\/p>\n<p>Cabe recordar que este jueves <strong>se sancion\u00f3 el proyecto en el cual se cre\u00f3 el marco regulatorio para el desarrollo de la industria del Cannabis Medicinal y el C\u00e1\u00f1amo Industrial.<\/strong><\/p>\n<p>&nbsp;<\/p>\n<p><img data-recalc-dims=\"1\" loading=\"lazy\" decoding=\"async\" class=\"aligncenter wp-image-53929 size-large\" src=\"https:\/\/i0.wp.com\/cdnoticias.com\/wp-content\/uploads\/2022\/05\/WhatsApp-Image-2022-05-07-at-6.46.19-PM-2.jpeg?resize=800%2C600&#038;ssl=1\" alt=\"\" width=\"800\" height=\"600\" srcset=\"https:\/\/i0.wp.com\/cdnoticias.com\/wp-content\/uploads\/2022\/05\/WhatsApp-Image-2022-05-07-at-6.46.19-PM-2.jpeg?resize=1024%2C768&amp;ssl=1 1024w, https:\/\/i0.wp.com\/cdnoticias.com\/wp-content\/uploads\/2022\/05\/WhatsApp-Image-2022-05-07-at-6.46.19-PM-2.jpeg?resize=300%2C225&amp;ssl=1 300w, https:\/\/i0.wp.com\/cdnoticias.com\/wp-content\/uploads\/2022\/05\/WhatsApp-Image-2022-05-07-at-6.46.19-PM-2.jpeg?resize=768%2C576&amp;ssl=1 768w, https:\/\/i0.wp.com\/cdnoticias.com\/wp-content\/uploads\/2022\/05\/WhatsApp-Image-2022-05-07-at-6.46.19-PM-2.jpeg?resize=1536%2C1152&amp;ssl=1 1536w, https:\/\/i0.wp.com\/cdnoticias.com\/wp-content\/uploads\/2022\/05\/WhatsApp-Image-2022-05-07-at-6.46.19-PM-2.jpeg?w=1600&amp;ssl=1 1600w\" sizes=\"auto, (max-width: 800px) 100vw, 800px\" \/><\/p>\n<p>&nbsp;<\/p>\n<p>Al respecto, <strong>Emilio Hurtado<\/strong> explic\u00f3 que &#8220;es un avance m\u00e1s, esperando que no quede ah\u00ed y que se avance con la derogaci\u00f3n de la ley. Pero bueno, eso son pasos que van de a poco y la noticia respecto a la <strong>producci\u00f3n industrial y medicinal es una puerta grande que se abre.<\/strong> Vemos que si bien es un gran avance falta un poco m\u00e1s todav\u00eda, pero estamos contentos&#8221;.<\/p>\n<p>&nbsp;<\/p>\n<p>Por su parte, <strong>Gast\u00f3n Barreto<\/strong> coment\u00f3 que &#8220;a su vez complejiza un poco m\u00e1s la situaci\u00f3n (para bien) pero <strong>creo que abre la perspectiva y la posibilidad de juego para muchos actores de producci\u00f3n<\/strong> no solamente del <strong>sector privado o capacidad de inversi\u00f3n<\/strong> que esta s\u00faper inquieto en Latinoam\u00e9rica, en el mundo y particularmente ahora en Argentina si no que abre la posibilidad de empezar a pensar esquemas un poco m\u00e1s soberanos y cooperativos&#8221;.<\/p>\n<p>&nbsp;<\/p>\n<p>&#8220;Siendo del rol acad\u00e9mico siempre uno est\u00e1 visualizando e intentando ver cu\u00e1les son los mecanismos que puedan profesionalizar aquellos actores que han sido siempre actores protag\u00f3nicos, que no han sido ni la academia, ni el sistema cient\u00edfico,\u00a0 ni el poder judicial. <strong>Ha sido la gente que solidariamente siempre se ha puesto a disposici\u00f3n<\/strong> (remiti\u00e9ndome desde \u00a0un foco m\u00e1s de uso terap\u00e9utico y medicinal) <strong>quienes han salido al frente, se han puesto la mochila y han bancado un mont\u00f3n solidariamente<\/strong> a todo lo que sucede y sigue sucediendo&#8221; agreg\u00f3 Barreto.<\/p>\n<p>&nbsp;<\/p>\n<p>Por \u00faltimo, <strong>Manuela Cos<\/strong> indic\u00f3 al respecto que &#8220;cualquier incentivo o cualquier propuesta que venga a nivel local<strong> tiene que reconocer la necesidad de apuntar a un sector m\u00e1s vulnerado<\/strong>, de una necesidad de acceso a la salud y entre sus variantes de <strong>aquellos que no pueden y lo hacen silenciados<\/strong> o gracias al trabajo de muchos muchas muches que <strong>est\u00e1n poniendo el cuerpo hace tiempo&#8221;<\/strong>.<\/p>\n<p>&nbsp;<\/p>\n<p>&nbsp;<\/p>\n","protected":false},"excerpt":{"rendered":"<p>El encuentro fue en el Paseo Jes\u00fas Mend\u00eda. Central de Noticias dialog\u00f3 con Emilio Hurtado, Presidente de Cannabis Activa, Manuela<\/p>\n","protected":false},"author":6,"featured_media":53926,"comment_status":"closed","ping_status":"closed","sticky":false,"template":"","format":"standard","meta":{"_jetpack_memberships_contains_paid_content":false,"footnotes":""},"categories":[5,1],"tags":[],"class_list":["post-53924","post","type-post","status-publish","format-standard","has-post-thumbnail","hentry","category-informacion-general","category-portada"],"jetpack_featured_media_url":"https:\/\/i0.wp.com\/cdnoticias.com\/wp-content\/uploads\/2022\/05\/WhatsApp-Image-2022-05-07-at-6.46.17-PM-3.jpeg?fit=1600%2C1200&ssl=1","jetpack_sharing_enabled":true,"_links":{"self":[{"href":"https:\/\/cdnoticias.com\/index.php\/wp-json\/wp\/v2\/posts\/53924","targetHints":{"allow":["GET"]}}],"collection":[{"href":"https:\/\/cdnoticias.com\/index.php\/wp-json\/wp\/v2\/posts"}],"about":[{"href":"https:\/\/cdnoticias.com\/index.php\/wp-json\/wp\/v2\/types\/post"}],"author":[{"embeddable":true,"href":"https:\/\/cdnoticias.com\/index.php\/wp-json\/wp\/v2\/users\/6"}],"replies":[{"embeddable":true,"href":"https:\/\/cdnoticias.com\/index.php\/wp-json\/wp\/v2\/comments?post=53924"}],"version-history":[{"count":0,"href":"https:\/\/cdnoticias.com\/index.php\/wp-json\/wp\/v2\/posts\/53924\/revisions"}],"wp:featuredmedia":[{"embeddable":true,"href":"https:\/\/cdnoticias.com\/index.php\/wp-json\/wp\/v2\/media\/53926"}],"wp:attachment":[{"href":"https:\/\/cdnoticias.com\/index.php\/wp-json\/wp\/v2\/media?parent=53924"}],"wp:term":[{"taxonomy":"category","embeddable":true,"href":"https:\/\/cdnoticias.com\/index.php\/wp-json\/wp\/v2\/categories?post=53924"},{"taxonomy":"post_tag","embeddable":true,"href":"https:\/\/cdnoticias.com\/index.php\/wp-json\/wp\/v2\/tags?post=53924"}],"curies":[{"name":"wp","href":"https:\/\/api.w.org\/{rel}","templated":true}]}}