{"id":53906,"date":"2022-05-07T12:52:46","date_gmt":"2022-05-07T15:52:46","guid":{"rendered":"https:\/\/www.centraldenoticias.com.ar\/?p=53906"},"modified":"2022-05-07T12:52:46","modified_gmt":"2022-05-07T15:52:46","slug":"el-mes-que-viene-se-abrira-la-licitacion-para-pavimentar-calles-de-barrio-aoma","status":"publish","type":"post","link":"https:\/\/cdnoticias.com\/index.php\/2022\/05\/07\/el-mes-que-viene-se-abrira-la-licitacion-para-pavimentar-calles-de-barrio-aoma\/","title":{"rendered":"El mes que viene se abrir\u00e1 la licitaci\u00f3n para pavimentar calles de barrio AOMA"},"content":{"rendered":"<p>El presupuesto se fij\u00f3 en 75 millones de pesos. Hasta el 31 de mayo se venden los pliegos.<!--more--><\/p>\n<hr \/>\n<p><a href=\"https:\/\/cdnoticias.com\/index.php\/2022\/03\/16\/el-intendente-anuncio-la-1-etapa-de-pavimentacion-en-barrio-aoma-era-una-espina-clavada\/\" target=\"_blank\" rel=\"noopener\">Tal como lo anunci\u00f3 el intendente Ezequiel Galli en el marco de un encuentro con vecinos del sector<\/a>, <strong>en el mes de junio se llevar\u00e1 cabo la apertura de sobres de la licitaci\u00f3n p\u00fablica para llevar adelante la primera etapa de pavimentaci\u00f3n AOMA<\/strong>, con un presupuesto oficial de 75.000.000 de pesos.<\/p>\n<p>&nbsp;<\/p>\n<p>En la oportunidad, Galli adelant\u00f3 que<strong> la obra se ejecutar\u00e1 con recursos del Fondo de Infraestructura Municipal<\/strong>, establecido durante la gesti\u00f3n de Mar\u00eda Eugenia Vidal.<\/p>\n<p>&nbsp;<\/p>\n<blockquote><p>La apertura ser\u00e1 el d\u00eda viernes 3 de junio, a las 10 horas, en el Palacio San Mart\u00edn de la Municipalidad. En tanto que la fecha l\u00edmite para la compra de pliegos es hasta el 31 de mayo.<\/p><\/blockquote>\n<p>&nbsp;<\/p>\n<p>Se inform\u00f3 que el pliego de bases y condiciones de la licitaci\u00f3n se podr\u00e1 consultar en la Direcci\u00f3n de Licitaciones o en la p\u00e1gina oficial www.olavarria.gov.ar<\/p>\n<p>&nbsp;<\/p>\n<p>&#8220;La concreci\u00f3n de la obra<strong> implicar\u00e1 una mejora sustancial en la calidad de vida de los vecinos del sector<\/strong>, que en los \u00faltimos a\u00f1os ha registrado un importante crecimiento demogr\u00e1fico.\u00a0La pavimentaci\u00f3n permitir\u00e1 brindar mejores condiciones de transitabilidad y la accesibilidad del transporte p\u00fablico y de las unidades asistenciales de emergencias&#8221; se defini\u00f3 desde el Municipio.<\/p>\n<p>&nbsp;<\/p>\n<p>Se prev\u00e9 realizar un pavimento con hormig\u00f3n simple tipo H30 de 0,18 metros de espesor asentado sobre una base de tosca compactada de 0,20 metros de espesor. Los cordones se construir\u00e1n en forma integral con el pavimento.<\/p>\n<p>&nbsp;<\/p>\n<p><strong>Sobre la vereda par de la calle Barcal\u00e1 se construir\u00e1 una senda peatonal<\/strong> de 1,50 metros de ancho, sobre una base de tosca que permitir\u00e1 que los vecinos que entren al barrio no circulen por el pavimento.<\/p>\n<p>&nbsp;<\/p>\n<p>El ancho del pavimento <strong>en las calles que circule el transporte p\u00fablico<\/strong> ser\u00e1 de 9 metros medido entre caras vistas de cord\u00f3n. El resto de las calles tendr\u00e1 un ancho de 7 metros.<\/p>\n","protected":false},"excerpt":{"rendered":"<p>El presupuesto se fij\u00f3 en 75 millones de pesos. Hasta el 31 de mayo se venden los pliegos.<\/p>\n","protected":false},"author":4,"featured_media":49238,"comment_status":"closed","ping_status":"closed","sticky":false,"template":"","format":"standard","meta":{"_jetpack_memberships_contains_paid_content":false,"footnotes":""},"categories":[5,1],"tags":[],"class_list":["post-53906","post","type-post","status-publish","format-standard","has-post-thumbnail","hentry","category-informacion-general","category-portada"],"jetpack_featured_media_url":"https:\/\/i0.wp.com\/cdnoticias.com\/wp-content\/uploads\/2022\/03\/Obras-Anuncio-Pavimento-AOMA-3-scaled-1.jpg?fit=2560%2C1711&ssl=1","jetpack_sharing_enabled":true,"_links":{"self":[{"href":"https:\/\/cdnoticias.com\/index.php\/wp-json\/wp\/v2\/posts\/53906","targetHints":{"allow":["GET"]}}],"collection":[{"href":"https:\/\/cdnoticias.com\/index.php\/wp-json\/wp\/v2\/posts"}],"about":[{"href":"https:\/\/cdnoticias.com\/index.php\/wp-json\/wp\/v2\/types\/post"}],"author":[{"embeddable":true,"href":"https:\/\/cdnoticias.com\/index.php\/wp-json\/wp\/v2\/users\/4"}],"replies":[{"embeddable":true,"href":"https:\/\/cdnoticias.com\/index.php\/wp-json\/wp\/v2\/comments?post=53906"}],"version-history":[{"count":0,"href":"https:\/\/cdnoticias.com\/index.php\/wp-json\/wp\/v2\/posts\/53906\/revisions"}],"wp:featuredmedia":[{"embeddable":true,"href":"https:\/\/cdnoticias.com\/index.php\/wp-json\/wp\/v2\/media\/49238"}],"wp:attachment":[{"href":"https:\/\/cdnoticias.com\/index.php\/wp-json\/wp\/v2\/media?parent=53906"}],"wp:term":[{"taxonomy":"category","embeddable":true,"href":"https:\/\/cdnoticias.com\/index.php\/wp-json\/wp\/v2\/categories?post=53906"},{"taxonomy":"post_tag","embeddable":true,"href":"https:\/\/cdnoticias.com\/index.php\/wp-json\/wp\/v2\/tags?post=53906"}],"curies":[{"name":"wp","href":"https:\/\/api.w.org\/{rel}","templated":true}]}}