{"id":53895,"date":"2022-05-07T13:50:12","date_gmt":"2022-05-07T16:50:12","guid":{"rendered":"https:\/\/www.centraldenoticias.com.ar\/?p=53895"},"modified":"2022-05-07T15:03:13","modified_gmt":"2022-05-07T18:03:13","slug":"7-de-mayo-dia-de-la-mineria","status":"publish","type":"post","link":"https:\/\/cdnoticias.com\/index.php\/2022\/05\/07\/7-de-mayo-dia-de-la-mineria\/","title":{"rendered":"7 de Mayo: D\u00eda de la Miner\u00eda"},"content":{"rendered":"<p>La fecha conmemora la sanci\u00f3n de la primera Ley de Fomento Minero. Olavarr\u00eda se destaca por ser el principal productor de la Provincia de Buenos Aires.<!--more--><\/p>\n<hr \/>\n<p><strong>El partido de Olavarr\u00eda se destaca por ser el centro minero y principal productor de la Provincia de Buenos Aires,<\/strong> \u00e9sta importancia radica en varios aspectos que le han dado y le dan esa caracter\u00edstica. Aspectos tales como los <strong>recursos minerales, la ubicaci\u00f3n estrat\u00e9gica, la pujanza de sus empresas, la asistencia t\u00e9cnica e industrial de los parques industriales, la investigaci\u00f3n y ciencia, la mano de obra calificada<\/strong> y tambi\u00e9n uno de ellos es la visi\u00f3n del desarrollo del entramado productivo y econ\u00f3mico que se propone desde la Gesti\u00f3n Municipal.<\/p>\n<p>&nbsp;<\/p>\n<p>Esto implica no solo poder visualizar una <strong>enorme cadena de valor agregado, generaci\u00f3n de mano de obra y procesos de investigaci\u00f3n y formaci\u00f3n constante<\/strong>, sino tambi\u00e9n poder plantear desde el Municipio los lineamientos y estrategias de acompa\u00f1amiento para poder generar instrumentos que le permitan al sector continuar con los procesos de inversi\u00f3n en el marco de la sustentabilidad y el respeto por las buenas pr\u00e1cticas mineras y ambientales.<\/p>\n<p>&nbsp;<\/p>\n<blockquote class=\"twitter-tweet\">\n<p dir=\"ltr\" lang=\"und\"><a href=\"https:\/\/t.co\/7HojhmbIKL\">pic.twitter.com\/7HojhmbIKL<\/a><\/p>\n<p>\u2014 Olavarria Municipio (@MuniOlav) <a href=\"https:\/\/twitter.com\/MuniOlav\/status\/1522937614663258112?ref_src=twsrc%5Etfw\">May 7, 2022<\/a><\/p><\/blockquote>\n<p><script async src=\"https:\/\/platform.twitter.com\/widgets.js\" charset=\"utf-8\"><\/script><\/p>\n<p>El Municipio de Olavarr\u00eda viene trabajando en conjunto con los distintos organismos p\u00fablicos y privados, instituciones acad\u00e9micas y no gubernamentales en la <strong>conformaci\u00f3n de mesas de trabajo y de an\u00e1lisis de la miner\u00eda<\/strong> que se pretende impulsar en el marco de la sustentabilidad y del desarrollo productivo, respetando y haciendo valer todas las diversificaciones productivas, comerciales y de servicios como por ejemplo aquellas que se asocian al turismo y al respeto por el ambiente.<\/p>\n<p>&nbsp;<\/p>\n<p>En ese marco se han impulsado distintos <strong>proyectos que se asocian y proponen una mirada amplia e integral donde se vincula lo productivo, la buena pr\u00e1ctica minera y el cuidado del ambiente<\/strong>, la\u00a0 inserci\u00f3n sociocomunitaria, la investigaci\u00f3n y formaci\u00f3n constante y el respeto por la diversidad de actividades deportivas, econ\u00f3micas y de servicios que se desarrollan en el \u00e1mbito de nuestras localidades serranas.<\/p>\n<p>&nbsp;<\/p>\n<p>Desde la Direcci\u00f3n de Miner\u00eda municipal de la Secretar\u00eda de Desarrollo Econ\u00f3mico implementan y sostienen diversos programas que acompa\u00f1an los procesos productivos y de di\u00e1logo y consenso tales como los Programas de:<\/p>\n<p>&nbsp;<\/p>\n<ul>\n<li>Acompa\u00f1amiento para la inversi\u00f3n y radicaci\u00f3n de nuevas empresas Mineras<\/li>\n<li>Asistencia a Pymes mineras e industriales<\/li>\n<li>Desarrollo y eficiencia energ\u00e9tica<\/li>\n<li>Capacitaci\u00f3n para el sector Minero<\/li>\n<li>Inserci\u00f3n femenina en el sector minero e industrial,<\/li>\n<li>Manual de Buenas Pr\u00e1cticas Mineras<\/li>\n<li>Oferta y demanda de Infraestructura y log\u00edstica vial<\/li>\n<\/ul>\n","protected":false},"excerpt":{"rendered":"<p>La fecha conmemora la sanci\u00f3n de la primera Ley de Fomento Minero. Olavarr\u00eda se destaca por ser el principal productor<\/p>\n","protected":false},"author":4,"featured_media":53909,"comment_status":"closed","ping_status":"closed","sticky":false,"template":"","format":"standard","meta":{"_jetpack_memberships_contains_paid_content":false,"footnotes":""},"categories":[5,1],"tags":[],"class_list":["post-53895","post","type-post","status-publish","format-standard","has-post-thumbnail","hentry","category-informacion-general","category-portada"],"jetpack_featured_media_url":"https:\/\/i0.wp.com\/cdnoticias.com\/wp-content\/uploads\/2022\/05\/Mineria-cantera.jpg?fit=600%2C333&ssl=1","jetpack_sharing_enabled":true,"_links":{"self":[{"href":"https:\/\/cdnoticias.com\/index.php\/wp-json\/wp\/v2\/posts\/53895","targetHints":{"allow":["GET"]}}],"collection":[{"href":"https:\/\/cdnoticias.com\/index.php\/wp-json\/wp\/v2\/posts"}],"about":[{"href":"https:\/\/cdnoticias.com\/index.php\/wp-json\/wp\/v2\/types\/post"}],"author":[{"embeddable":true,"href":"https:\/\/cdnoticias.com\/index.php\/wp-json\/wp\/v2\/users\/4"}],"replies":[{"embeddable":true,"href":"https:\/\/cdnoticias.com\/index.php\/wp-json\/wp\/v2\/comments?post=53895"}],"version-history":[{"count":0,"href":"https:\/\/cdnoticias.com\/index.php\/wp-json\/wp\/v2\/posts\/53895\/revisions"}],"wp:featuredmedia":[{"embeddable":true,"href":"https:\/\/cdnoticias.com\/index.php\/wp-json\/wp\/v2\/media\/53909"}],"wp:attachment":[{"href":"https:\/\/cdnoticias.com\/index.php\/wp-json\/wp\/v2\/media?parent=53895"}],"wp:term":[{"taxonomy":"category","embeddable":true,"href":"https:\/\/cdnoticias.com\/index.php\/wp-json\/wp\/v2\/categories?post=53895"},{"taxonomy":"post_tag","embeddable":true,"href":"https:\/\/cdnoticias.com\/index.php\/wp-json\/wp\/v2\/tags?post=53895"}],"curies":[{"name":"wp","href":"https:\/\/api.w.org\/{rel}","templated":true}]}}