{"id":53893,"date":"2024-08-10T13:55:03","date_gmt":"2024-08-10T16:55:03","guid":{"rendered":"https:\/\/centraldeportes.com.ar\/?p=53893"},"modified":"2025-02-13T21:38:34","modified_gmt":"2025-02-14T00:38:34","slug":"tomas-lindner-migro-de-equipo-en-italia","status":"publish","type":"post","link":"https:\/\/cdnoticias.com\/index.php\/2024\/08\/10\/tomas-lindner-migro-de-equipo-en-italia\/","title":{"rendered":"Tom\u00e1s Lindner migr\u00f3 de equipo en Italia"},"content":{"rendered":"<p>El ex defensor de Ferro y Municipales firm\u00f3 contrato con A.S.D Montelepre Calcio, equipo que reside en la provincia de Palermo.<!--more--><\/p>\n<hr \/>\n<p>Tras su paso por Sporting Catanzaro, donde arrib\u00f3 a principios de este a\u00f1o, <strong>Tom\u00e1s Lindner cambio de aires en tierras italianas y se convirti\u00f3 en nuevo jugador del A.S.D Montelepre Calcio<\/strong>.<\/p>\n<p>&nbsp;<\/p>\n<p>El \u201cChino\u201d, quien ya comenz\u00f3 con los entrenamientos,<strong> firm\u00f3 contrato hasta mayo de 2025<\/strong> en el equipo siciliano. Adem\u00e1s, <strong>jugar\u00e1 en la tercera categor\u00eda de la regi\u00f3n de Palermo<\/strong>.<\/p>\n<p>&nbsp;<\/p>\n<p><img data-recalc-dims=\"1\" loading=\"lazy\" decoding=\"async\" class=\"aligncenter size-full wp-image-53894\" src=\"https:\/\/i0.wp.com\/cdnoticias.com\/wp-content\/uploads\/2024\/08\/Tomas-Lindner-a-Montelepre-Calcio-e1723308886340.jpeg?resize=750%2C550&#038;ssl=1\" alt=\"\" width=\"750\" height=\"550\" \/><\/p>\n<p>&nbsp;<\/p>\n<p>El equipo \u201cGiallo Rosso\u201d donde jugar\u00e1 el defensor olavarriense se encuentra de pretemporada a la espera del inicio de las competencias oficiales. Sum\u00f3 varios refuerzos para pelear el ascenso y jugar la Copa Italia.<\/p>\n","protected":false},"excerpt":{"rendered":"<p>El ex defensor de Ferro y Municipales firm\u00f3 contrato con A.S.D Montelepre Calcio, equipo que reside en la provincia de<\/p>\n","protected":false},"author":96739694,"featured_media":162277,"comment_status":"closed","ping_status":"closed","sticky":false,"template":"","format":"standard","meta":{"_jetpack_memberships_contains_paid_content":false,"footnotes":""},"categories":[37,42,1],"tags":[],"class_list":["post-53893","post","type-post","status-publish","format-standard","has-post-thumbnail","hentry","category-futbol-profesional","category-olavarrienses-en-lugares","category-portada"],"jetpack_featured_media_url":"https:\/\/i0.wp.com\/cdnoticias.com\/wp-content\/uploads\/2024\/08\/Tomas-Lindner-a-Montelepre-Calcio1-e1723309170596.jpeg?fit=750%2C428&ssl=1","jetpack_sharing_enabled":true,"_links":{"self":[{"href":"https:\/\/cdnoticias.com\/index.php\/wp-json\/wp\/v2\/posts\/53893","targetHints":{"allow":["GET"]}}],"collection":[{"href":"https:\/\/cdnoticias.com\/index.php\/wp-json\/wp\/v2\/posts"}],"about":[{"href":"https:\/\/cdnoticias.com\/index.php\/wp-json\/wp\/v2\/types\/post"}],"author":[{"embeddable":true,"href":"https:\/\/cdnoticias.com\/index.php\/wp-json\/wp\/v2\/users\/96739694"}],"replies":[{"embeddable":true,"href":"https:\/\/cdnoticias.com\/index.php\/wp-json\/wp\/v2\/comments?post=53893"}],"version-history":[{"count":0,"href":"https:\/\/cdnoticias.com\/index.php\/wp-json\/wp\/v2\/posts\/53893\/revisions"}],"wp:featuredmedia":[{"embeddable":true,"href":"https:\/\/cdnoticias.com\/index.php\/wp-json\/wp\/v2\/media\/162277"}],"wp:attachment":[{"href":"https:\/\/cdnoticias.com\/index.php\/wp-json\/wp\/v2\/media?parent=53893"}],"wp:term":[{"taxonomy":"category","embeddable":true,"href":"https:\/\/cdnoticias.com\/index.php\/wp-json\/wp\/v2\/categories?post=53893"},{"taxonomy":"post_tag","embeddable":true,"href":"https:\/\/cdnoticias.com\/index.php\/wp-json\/wp\/v2\/tags?post=53893"}],"curies":[{"name":"wp","href":"https:\/\/api.w.org\/{rel}","templated":true}]}}