{"id":53885,"date":"2022-05-07T10:58:33","date_gmt":"2022-05-07T13:58:33","guid":{"rendered":"https:\/\/www.centraldenoticias.com.ar\/?p=53885"},"modified":"2022-05-07T10:59:01","modified_gmt":"2022-05-07T13:59:01","slug":"informe-covid-hay-dos-personas-internadas-en-el-hospital","status":"publish","type":"post","link":"https:\/\/cdnoticias.com\/index.php\/2022\/05\/07\/informe-covid-hay-dos-personas-internadas-en-el-hospital\/","title":{"rendered":"Informe Covid: hay dos personas internadas en el Hospital"},"content":{"rendered":"<p>En la semana que pas\u00f3 se detectaron 13 casos en Olavarr\u00eda y se hicieron en total 197 testeos.<!--more--><\/p>\n<hr \/>\n<p>La Secretar\u00eda de Salud del Municipio emiti\u00f3 el<strong> informe sanitario correspondiente a la semana del 2 al 6 de mayo<\/strong> de 2022.<\/p>\n<p>&nbsp;<\/p>\n<p>Del mismo se desprende que fueron <strong>197 los testeos<\/strong> que se realizaron, de los cuales <strong>13 fueron positivos<\/strong> y 184 negativos para Covid-19.<\/p>\n<p>&nbsp;<\/p>\n<p><img data-recalc-dims=\"1\" loading=\"lazy\" decoding=\"async\" class=\"aligncenter wp-image-53888\" src=\"https:\/\/i0.wp.com\/cdnoticias.com\/wp-content\/uploads\/2022\/05\/informe-covid-municipal-2-1024x1024.jpeg?resize=450%2C450&#038;ssl=1\" alt=\"\" width=\"450\" height=\"450\" \/><\/p>\n<p>&nbsp;<\/p>\n<p>En la semana, adem\u00e1s, 14 pacientes recibieron el alta m\u00e9dica, por lo que <strong>son 15 las personas que transitan la enfermedad en Olavarr\u00eda<\/strong>. La mayor\u00eda de los pacientes activos tiene menos de 60 a\u00f1os.<\/p>\n<p>&nbsp;<\/p>\n<blockquote><p>Hay dos pacientes internados por precauci\u00f3n en el sector de Cuidados Generales del Hospital Municipal \u00abDr. H\u00e9ctor Cura\u00bb.<\/p><\/blockquote>\n<p>&nbsp;<\/p>\n<p><img data-recalc-dims=\"1\" loading=\"lazy\" decoding=\"async\" class=\"aligncenter wp-image-53889\" src=\"https:\/\/i0.wp.com\/cdnoticias.com\/wp-content\/uploads\/2022\/05\/informe-covid-municipal-3-1024x1024.jpeg?resize=450%2C450&#038;ssl=1\" alt=\"\" width=\"450\" height=\"450\" \/><\/p>\n<p>&nbsp;<\/p>\n<p>La Secretar\u00eda de Salud indic\u00f3 que la <strong>positividad semanal fue de 6,6%<\/strong>.<\/p>\n<p>&nbsp;<\/p>\n<p>La <strong>ocupaci\u00f3n hospitalaria<\/strong> es de 45% en la sala de Cuidados Intensivos y de 92% en Cuidados Generales.<\/p>\n<p>&nbsp;<\/p>\n<p>Este viernes, el Ministerio de Salud de la provincia de Buenos Aires <a href=\"https:\/\/cdnoticias.com\/index.php\/2022\/05\/06\/covid-la-provincia-advierte-sobre-una-suba-de-casos-por-la-subvariante-omicron-ba-2\/\" target=\"_blank\" rel=\"noopener\">emiti\u00f3 un comunicado donde dio cuenta del aumento de los casos de coronavirus<\/a>, en la misma tendencia que ya se registra a nivel nacional.<\/p>\n<p><img data-recalc-dims=\"1\" loading=\"lazy\" decoding=\"async\" class=\"aligncenter wp-image-53887\" src=\"https:\/\/i0.wp.com\/cdnoticias.com\/wp-content\/uploads\/2022\/05\/informe-covid-municipal-1-1024x1024.jpeg?resize=450%2C450&#038;ssl=1\" alt=\"\" width=\"450\" height=\"450\" \/><\/p>\n","protected":false},"excerpt":{"rendered":"<p>En la semana que pas\u00f3 se detectaron 13 casos en Olavarr\u00eda y se hicieron en total 197 testeos.<\/p>\n","protected":false},"author":4,"featured_media":0,"comment_status":"closed","ping_status":"closed","sticky":false,"template":"","format":"standard","meta":{"_jetpack_memberships_contains_paid_content":false,"footnotes":""},"categories":[16,1],"tags":[],"class_list":["post-53885","post","type-post","status-publish","format-standard","hentry","category-covid-19","category-portada"],"jetpack_featured_media_url":"","jetpack_sharing_enabled":true,"_links":{"self":[{"href":"https:\/\/cdnoticias.com\/index.php\/wp-json\/wp\/v2\/posts\/53885","targetHints":{"allow":["GET"]}}],"collection":[{"href":"https:\/\/cdnoticias.com\/index.php\/wp-json\/wp\/v2\/posts"}],"about":[{"href":"https:\/\/cdnoticias.com\/index.php\/wp-json\/wp\/v2\/types\/post"}],"author":[{"embeddable":true,"href":"https:\/\/cdnoticias.com\/index.php\/wp-json\/wp\/v2\/users\/4"}],"replies":[{"embeddable":true,"href":"https:\/\/cdnoticias.com\/index.php\/wp-json\/wp\/v2\/comments?post=53885"}],"version-history":[{"count":0,"href":"https:\/\/cdnoticias.com\/index.php\/wp-json\/wp\/v2\/posts\/53885\/revisions"}],"wp:attachment":[{"href":"https:\/\/cdnoticias.com\/index.php\/wp-json\/wp\/v2\/media?parent=53885"}],"wp:term":[{"taxonomy":"category","embeddable":true,"href":"https:\/\/cdnoticias.com\/index.php\/wp-json\/wp\/v2\/categories?post=53885"},{"taxonomy":"post_tag","embeddable":true,"href":"https:\/\/cdnoticias.com\/index.php\/wp-json\/wp\/v2\/tags?post=53885"}],"curies":[{"name":"wp","href":"https:\/\/api.w.org\/{rel}","templated":true}]}}