{"id":53878,"date":"2022-05-07T09:53:20","date_gmt":"2022-05-07T12:53:20","guid":{"rendered":"https:\/\/www.centraldenoticias.com.ar\/?p=53878"},"modified":"2022-05-07T10:35:19","modified_gmt":"2022-05-07T13:35:19","slug":"vuelve-la-feria-de-verduras-del-mte-rural","status":"publish","type":"post","link":"https:\/\/cdnoticias.com\/index.php\/2022\/05\/07\/vuelve-la-feria-de-verduras-del-mte-rural\/","title":{"rendered":"Vuelve la Feria de verduras del MTE Rural"},"content":{"rendered":"<p>Desde 9.30 a 13 las ferias se ubicar\u00e1n en los parques Norte, Rivadavia y Mitre. \u201cDefendemos la construcci\u00f3n de un modelo alternativo de producci\u00f3n y comercializaci\u00f3n m\u00e1s justo, digno y directo de la agricultura familiar a los consumidores\u201d.<!--more--><\/p>\n<hr \/>\n<p>Este s\u00e1bado los y las productoras nucleadxs en el MTE rural volver\u00e1n a hacer la <strong>feria de verduras frescas desde las 9:30 hasta las 13<\/strong>.<\/p>\n<p>&nbsp;<\/p>\n<p>Las ferias se ubicar\u00e1n en <strong>Parque Norte \u2013 Helios Eseverri<\/strong> (sobre avenida Trabajadores), <strong>Parque Rivadavia<\/strong> (Avellaneda y Rivadavia) y en <strong>Parque Mitre<\/strong> (Brown y Av. Del valle).<\/p>\n<p>&nbsp;<\/p>\n<p><img data-recalc-dims=\"1\" loading=\"lazy\" decoding=\"async\" class=\"aligncenter wp-image-53879\" src=\"https:\/\/i0.wp.com\/cdnoticias.com\/wp-content\/uploads\/2022\/05\/feria-de-verduras.jpg?resize=450%2C794&#038;ssl=1\" alt=\"\" width=\"450\" height=\"794\" srcset=\"https:\/\/i0.wp.com\/cdnoticias.com\/wp-content\/uploads\/2022\/05\/feria-de-verduras.jpg?resize=581%2C1024&amp;ssl=1 581w, https:\/\/i0.wp.com\/cdnoticias.com\/wp-content\/uploads\/2022\/05\/feria-de-verduras.jpg?resize=170%2C300&amp;ssl=1 170w, https:\/\/i0.wp.com\/cdnoticias.com\/wp-content\/uploads\/2022\/05\/feria-de-verduras.jpg?w=720&amp;ssl=1 720w\" sizes=\"auto, (max-width: 450px) 100vw, 450px\" \/><\/p>\n<p>&nbsp;<\/p>\n<blockquote><p>\u201cDesde MTE rural, defendemos la construcci\u00f3n de un modelo alternativo de producci\u00f3n y comercializaci\u00f3n m\u00e1s justo, digno y directo de la agricultura familiar a los consumidores. Por eso nos proponemos, construir propuestas de consumo alternativo teniendo como punto de partida que consumir es un acto pol\u00edtico consciente\u201d se resalt\u00f3.<\/p><\/blockquote>\n<p>&nbsp;<\/p>\n<p>En ese sentido, invitaron a los interesados a<strong> \u201cacercarse y mejorar la alimentaci\u00f3n a un precio accesible<\/strong>, promoviendo a su vez la producci\u00f3n local familiar de peque\u00f1os productores de verduras y hortalizas frescas\u201d.<\/p>\n","protected":false},"excerpt":{"rendered":"<p>Desde 9.30 a 13 las ferias se ubicar\u00e1n en los parques Norte, Rivadavia y Mitre. \u201cDefendemos la construcci\u00f3n de un<\/p>\n","protected":false},"author":4,"featured_media":37866,"comment_status":"closed","ping_status":"closed","sticky":false,"template":"","format":"standard","meta":{"_jetpack_memberships_contains_paid_content":false,"footnotes":""},"categories":[5,1],"tags":[],"class_list":["post-53878","post","type-post","status-publish","format-standard","has-post-thumbnail","hentry","category-informacion-general","category-portada"],"jetpack_featured_media_url":"https:\/\/i0.wp.com\/cdnoticias.com\/wp-content\/uploads\/2021\/11\/feria-de-verduras-2.jpg?fit=4160%2C2314&ssl=1","jetpack_sharing_enabled":true,"_links":{"self":[{"href":"https:\/\/cdnoticias.com\/index.php\/wp-json\/wp\/v2\/posts\/53878","targetHints":{"allow":["GET"]}}],"collection":[{"href":"https:\/\/cdnoticias.com\/index.php\/wp-json\/wp\/v2\/posts"}],"about":[{"href":"https:\/\/cdnoticias.com\/index.php\/wp-json\/wp\/v2\/types\/post"}],"author":[{"embeddable":true,"href":"https:\/\/cdnoticias.com\/index.php\/wp-json\/wp\/v2\/users\/4"}],"replies":[{"embeddable":true,"href":"https:\/\/cdnoticias.com\/index.php\/wp-json\/wp\/v2\/comments?post=53878"}],"version-history":[{"count":0,"href":"https:\/\/cdnoticias.com\/index.php\/wp-json\/wp\/v2\/posts\/53878\/revisions"}],"wp:featuredmedia":[{"embeddable":true,"href":"https:\/\/cdnoticias.com\/index.php\/wp-json\/wp\/v2\/media\/37866"}],"wp:attachment":[{"href":"https:\/\/cdnoticias.com\/index.php\/wp-json\/wp\/v2\/media?parent=53878"}],"wp:term":[{"taxonomy":"category","embeddable":true,"href":"https:\/\/cdnoticias.com\/index.php\/wp-json\/wp\/v2\/categories?post=53878"},{"taxonomy":"post_tag","embeddable":true,"href":"https:\/\/cdnoticias.com\/index.php\/wp-json\/wp\/v2\/tags?post=53878"}],"curies":[{"name":"wp","href":"https:\/\/api.w.org\/{rel}","templated":true}]}}