{"id":53853,"date":"2022-05-06T19:12:14","date_gmt":"2022-05-06T22:12:14","guid":{"rendered":"https:\/\/www.centraldenoticias.com.ar\/?p=53853"},"modified":"2022-05-06T21:08:15","modified_gmt":"2022-05-07T00:08:15","slug":"un-camion-de-olavarria-protagonizo-un-violento-accidente-en-bolivar","status":"publish","type":"post","link":"https:\/\/cdnoticias.com\/index.php\/2022\/05\/06\/un-camion-de-olavarria-protagonizo-un-violento-accidente-en-bolivar\/","title":{"rendered":"Un cami\u00f3n de Olavarr\u00eda protagoniz\u00f3 un violento accidente en Bol\u00edvar"},"content":{"rendered":"<p>Fue en la madrugada de este viernes, en uno de los ingresos a la vecina ciudad. Un hombre debi\u00f3 ser trasladado de urgencia al Hospital. <!--more--><\/p>\n<hr \/>\n<p><strong>Un hombre result\u00f3 herido en la ma\u00f1ana de este viernes tras protagonizar, con su auto, un violento accidente en Bol\u00edvar<\/strong>, donde hubo un<strong> cami\u00f3n de Olavarr\u00eda<\/strong> implicado.<\/p>\n<p>&nbsp;<\/p>\n<p>El hecho se produjo en la<strong> ruta nacional 226, a la altura del acceso que hacia esa arteria nacional tiene la avenida Juan Manuel de Rosas<\/strong>, en la vecina ciudad.<\/p>\n<p>&nbsp;<\/p>\n<p><img data-recalc-dims=\"1\" loading=\"lazy\" decoding=\"async\" class=\"alignnone size-full wp-image-53855\" src=\"https:\/\/i0.wp.com\/cdnoticias.com\/wp-content\/uploads\/2022\/05\/accidente-ruta-226-camion-olavarria1.jpg?resize=800%2C450&#038;ssl=1\" alt=\"\" width=\"800\" height=\"450\" srcset=\"https:\/\/i0.wp.com\/cdnoticias.com\/wp-content\/uploads\/2022\/05\/accidente-ruta-226-camion-olavarria1.jpg?w=1024&amp;ssl=1 1024w, https:\/\/i0.wp.com\/cdnoticias.com\/wp-content\/uploads\/2022\/05\/accidente-ruta-226-camion-olavarria1.jpg?resize=300%2C169&amp;ssl=1 300w, https:\/\/i0.wp.com\/cdnoticias.com\/wp-content\/uploads\/2022\/05\/accidente-ruta-226-camion-olavarria1.jpg?resize=768%2C432&amp;ssl=1 768w\" sizes=\"auto, (max-width: 800px) 100vw, 800px\" \/><\/p>\n<p>&nbsp;<\/p>\n<p>Seg\u00fan se logr\u00f3 saber, <strong>el conductor de un Volkswagen Suran intent\u00f3 subir a la ruta por la avenida cuando, por causas que se intentan esclarecer, fue impactado por un cami\u00f3n de una empresa de transporte local que iba sobre la ruta en direcci\u00f3n a Bol\u00edvar.<\/strong><\/p>\n<p>&nbsp;<\/p>\n<p><strong>La violencia del impacto destruy\u00f3 la parte frontal de la Suran, y su conductor qued\u00f3 atrapado en el habit\u00e1culo<\/strong>, por lo que fue determinante la labor de Bomberos Voluntarios para sacarlo de all\u00ed sin riesgo para su vida. Si bien presentaba fuertes golpes, fue trasladado l\u00facido al Hospital \u201cMiguel Capredoni\u201d de Bol\u00edvar, seg\u00fan inform\u00f3 diario La Ma\u00f1ana de Bol\u00edvar.<\/p>\n<p>&nbsp;<\/p>\n<p><em>Foto e informaci\u00f3n: Gentileza &#8220;La Ma\u00f1ana de Bol\u00edvar&#8221;<\/em><\/p>\n","protected":false},"excerpt":{"rendered":"<p>Fue en la madrugada de este viernes, en uno de los ingresos a la vecina ciudad. Un hombre debi\u00f3 ser<\/p>\n","protected":false},"author":2,"featured_media":53854,"comment_status":"closed","ping_status":"closed","sticky":false,"template":"","format":"standard","meta":{"_jetpack_memberships_contains_paid_content":false,"footnotes":""},"categories":[14,1],"tags":[],"class_list":["post-53853","post","type-post","status-publish","format-standard","has-post-thumbnail","hentry","category-policiales","category-portada"],"jetpack_featured_media_url":"https:\/\/i0.wp.com\/cdnoticias.com\/wp-content\/uploads\/2022\/05\/accidente-ruta-226-camion-olavarria.jpg?fit=1280%2C720&ssl=1","jetpack_sharing_enabled":true,"_links":{"self":[{"href":"https:\/\/cdnoticias.com\/index.php\/wp-json\/wp\/v2\/posts\/53853","targetHints":{"allow":["GET"]}}],"collection":[{"href":"https:\/\/cdnoticias.com\/index.php\/wp-json\/wp\/v2\/posts"}],"about":[{"href":"https:\/\/cdnoticias.com\/index.php\/wp-json\/wp\/v2\/types\/post"}],"author":[{"embeddable":true,"href":"https:\/\/cdnoticias.com\/index.php\/wp-json\/wp\/v2\/users\/2"}],"replies":[{"embeddable":true,"href":"https:\/\/cdnoticias.com\/index.php\/wp-json\/wp\/v2\/comments?post=53853"}],"version-history":[{"count":0,"href":"https:\/\/cdnoticias.com\/index.php\/wp-json\/wp\/v2\/posts\/53853\/revisions"}],"wp:featuredmedia":[{"embeddable":true,"href":"https:\/\/cdnoticias.com\/index.php\/wp-json\/wp\/v2\/media\/53854"}],"wp:attachment":[{"href":"https:\/\/cdnoticias.com\/index.php\/wp-json\/wp\/v2\/media?parent=53853"}],"wp:term":[{"taxonomy":"category","embeddable":true,"href":"https:\/\/cdnoticias.com\/index.php\/wp-json\/wp\/v2\/categories?post=53853"},{"taxonomy":"post_tag","embeddable":true,"href":"https:\/\/cdnoticias.com\/index.php\/wp-json\/wp\/v2\/tags?post=53853"}],"curies":[{"name":"wp","href":"https:\/\/api.w.org\/{rel}","templated":true}]}}