{"id":53852,"date":"2022-05-06T21:07:56","date_gmt":"2022-05-07T00:07:56","guid":{"rendered":"https:\/\/www.centraldenoticias.com.ar\/?p=53852"},"modified":"2022-05-07T20:55:17","modified_gmt":"2022-05-07T23:55:17","slug":"mesa-de-cannabis-creo-que-va-a-venir-un-ano-muy-interesante-y-de-mucho-trabajo","status":"publish","type":"post","link":"https:\/\/cdnoticias.com\/index.php\/2022\/05\/06\/mesa-de-cannabis-creo-que-va-a-venir-un-ano-muy-interesante-y-de-mucho-trabajo\/","title":{"rendered":"Mesa de Cannabis: &#8220;creo que va a venir un a\u00f1o muy interesante y de mucho trabajo&#8221;"},"content":{"rendered":"<p>As\u00ed lo remarc\u00f3 el presidente de la Mesa, Germ\u00e1n Aramburu, luego de la primera reuni\u00f3n del a\u00f1o. La sanci\u00f3n en diputados, el encuentro con el Intendente Galli sobre cannabis y los proyectos a futuro con la Mesa Interdisciplinaria. <!--more--><\/p>\n<hr \/>\n<p><em>Por: Danisa Jaime<\/em><\/p>\n<p>&nbsp;<\/p>\n<p>En las \u00faltimas semanas, el uso de cannabis medicinal y su producci\u00f3n han ganado agenda social y hubo varias normativas que apuntan al consumo con fines terap\u00e9uticos e industriales. Adem\u00e1s, este s\u00e1bado se realizar\u00e1 la Marcha Mundial por la Marihuana y se realizar\u00e1 una manifestaci\u00f3n en nuestra ciudad.<\/p>\n<p>&nbsp;<\/p>\n<p>Justamente, este jueves se sancion\u00f3 el proyecto en el cual se<strong> crea un marco regulatorio para el desarrollo de la industria del Cannabis Medicinal,<\/strong> as\u00ed como tambi\u00e9n del C\u00e1\u00f1amo Industrial.<\/p>\n<p>&nbsp;<\/p>\n<p><strong>Germ\u00e1n Aramburu, presidente de la Mesa de Cannabis en el \u00e1mbito del Concejo Deliberante,<\/strong>\u00a0dialog\u00f3 con <em>Central de Noticias<\/em> acerca de la nueva sanci\u00f3n e indic\u00f3 que &#8220;me parece un paso muy importante porque legitima, articula y crea un par de organismos para que despu\u00e9s generen los instrumentos, las herramientas y los m\u00e9todos para <strong>regular y legitimar el cultivo de cannabis con fines terap\u00e9uticos o industriales como el C\u00e1\u00f1amo.<\/strong> Esto tiene 180 d\u00edas para implementarse, falta el decreto reglamentario donde se crean 2 organismos espec\u00edficos para tratar el tema y eso tomar\u00e1 alg\u00fan tiempo&#8221;.<\/p>\n<p>&nbsp;<\/p>\n<p>Adem\u00e1s agreg\u00f3 que <strong>&#8220;era lo que faltaba para dar el paso definitivo a la industria del cannabis con fines terap\u00e9uticos como tambi\u00e9n industriales.<\/strong> Es un paso important\u00edsimo para Argentina que da respuesta, porque a pesar de la gran cantidad de pacientes que usan aceite de cannabis con fines terap\u00e9uticos,<strong> estamos todos un poco hu\u00e9rfanos porque todo lo que esta circulando no tiene los r\u00f3tulos que exige lo que tienen que tener las cuestiones de salud, <\/strong>\u00a0como por ejemplo un remedio. Eso me parece que la da un marco de legalidad y una formalidad sobre algo que en la practica exist\u00eda. Hay que sincerarse, <strong>hay mucha gente que cultiva y hay mucha circulaci\u00f3n de aceite de cannabis<\/strong>&#8220;.<\/p>\n<p>&nbsp;<\/p>\n<p>Por otro lado explic\u00f3 que &#8220;<strong>tambi\u00e9n hay mucha circulaci\u00f3n de avivadas que venden v\u00eda internet,<\/strong> y la verdad que cuando analiz\u00e1s lo que est\u00e1s comprando no tiene nada de lo que supuestamente dice. Entonces me parece que blanquea una situaci\u00f3n y cuenta con el apoyo de la normativa y del estado. <strong>Argentina va a dar un cambio sustancial inclusive con la industria del C\u00e1\u00f1amo<\/strong> que aparentemente tiene un <strong>mont\u00f3n de posibilidades de usos<\/strong>, que lo hace una cuesti\u00f3n realmente interesante. Va a dar un cambio sustantivo en la producci\u00f3n&#8221;.<\/p>\n<p>&nbsp;<\/p>\n<p><strong>Encuentro interdisciplinario con el Intendente Ezequiel Galli<\/strong><\/p>\n<p>&nbsp;<\/p>\n<p>Aramburu coment\u00f3 que en el encuentro se present\u00f3 una empresa que tiene experiencia portuaria pero que<strong> &#8220;quiere desembarcar en el tema de cannabis como una actividad m\u00e1s.<\/strong> <strong>Hay muchas empresas y capitales privados que est\u00e1n mirando este tema con mucha atenci\u00f3n.<\/strong> La empresa tiene un proyecto en San Rafael de Mendoza y quiere tener un proyecto en la provincia de Buenos Aires, particularmente en Olavarr\u00eda&#8221;.<\/p>\n<p>&nbsp;<\/p>\n<p><strong>&#8220;Se contactaron con nosotros, con la Mesa Interdisciplinaria,<\/strong> y tambi\u00e9n necesitaban una presentaci\u00f3n pol\u00edtica para <strong>hablar con el Intendente sobre sus intenciones,<\/strong> ver si se pod\u00eda trabajar en conjunto o al menos hacer conocer su proyecto. Quieren comenzar con cultivos a nivel local con la idea de avanzar en otros derivados y otros derivado de C\u00e1\u00f1amo. Se est\u00e1 viendo en qu\u00e9 lugar se pueden radicar la empresa que tiene un proyecto de unos 5 a\u00f1os y<strong> va a generar trabajo en Olavarr\u00eda<\/strong>&#8221; indic\u00f3 Aramburu.<\/p>\n<p>&nbsp;<\/p>\n<p>A la vez, resalt\u00f3 que &#8220;<strong>hubo muy buena recepci\u00f3n por parte del Poder Ejecutivo<\/strong> y parece que van a seguir viniendo ac\u00e1 o en otros lugares, porque<strong> ahora se abri\u00f3 un panorama realmente interesante para el sector privado&#8221;.<\/strong><\/p>\n<p>&nbsp;<\/p>\n<p><strong>Mesa de Cannabis: nuevo a\u00f1o, nuevos proyectos<\/strong><\/p>\n<p>&nbsp;<\/p>\n<p>Este \u00faltimo mi\u00e9rcoles se realiz\u00f3 la <strong>primera reuni\u00f3n del a\u00f1o de la Mesa de Cannabis.<\/strong> Aramburu indic\u00f3 que &#8220;la mesa arranca con nuevos br\u00edos, nuevos integrantes y con un futuro bastante m\u00e1s cierto que el del a\u00f1o pasado. Ni hablar con la ley de ayer (por el jueves). Ven\u00edamos con la agenda del a\u00f1o pasado, <strong>queremos acercarnos con las fuerzas de seguridad y con el Poder Judicial para trabajar en conjunto en todas estas nuevas pr\u00e1cticas que existen y para poder trabajar con los vecinos y vecinas de Olavarr\u00eda en tema de cultivo&#8221;.<\/strong><\/p>\n<p>&nbsp;<\/p>\n<p>&#8220;<strong>Creo que va a venir un a\u00f1o muy interesante y de mucho trabajo.<\/strong> Tambi\u00e9n vamos a trabajar en conjunto con la Universidad que tiene un proyecto de extensi\u00f3n interesante sobre cannabis. La verdad que arrancamos con una <strong>primera reuni\u00f3n con una agenda bastante cargada<\/strong> y a la largo del a\u00f1o iremos<strong> tratando de cumplir las metas que nos estamos poniendo<\/strong>&#8221; cerr\u00f3 el presidente de la Mesa.<\/p>\n<p>&nbsp;<\/p>\n","protected":false},"excerpt":{"rendered":"<p>As\u00ed lo remarc\u00f3 el presidente de la Mesa, Germ\u00e1n Aramburu, luego de la primera reuni\u00f3n del a\u00f1o. La sanci\u00f3n en<\/p>\n","protected":false},"author":6,"featured_media":5887,"comment_status":"closed","ping_status":"closed","sticky":false,"template":"","format":"standard","meta":{"_jetpack_memberships_contains_paid_content":false,"footnotes":""},"categories":[4,1],"tags":[],"class_list":["post-53852","post","type-post","status-publish","format-standard","has-post-thumbnail","hentry","category-politica","category-portada"],"jetpack_featured_media_url":"https:\/\/i0.wp.com\/cdnoticias.com\/wp-content\/uploads\/2020\/11\/German-Aramburu3.jpg?fit=4608%2C3072&ssl=1","jetpack_sharing_enabled":true,"_links":{"self":[{"href":"https:\/\/cdnoticias.com\/index.php\/wp-json\/wp\/v2\/posts\/53852","targetHints":{"allow":["GET"]}}],"collection":[{"href":"https:\/\/cdnoticias.com\/index.php\/wp-json\/wp\/v2\/posts"}],"about":[{"href":"https:\/\/cdnoticias.com\/index.php\/wp-json\/wp\/v2\/types\/post"}],"author":[{"embeddable":true,"href":"https:\/\/cdnoticias.com\/index.php\/wp-json\/wp\/v2\/users\/6"}],"replies":[{"embeddable":true,"href":"https:\/\/cdnoticias.com\/index.php\/wp-json\/wp\/v2\/comments?post=53852"}],"version-history":[{"count":0,"href":"https:\/\/cdnoticias.com\/index.php\/wp-json\/wp\/v2\/posts\/53852\/revisions"}],"wp:featuredmedia":[{"embeddable":true,"href":"https:\/\/cdnoticias.com\/index.php\/wp-json\/wp\/v2\/media\/5887"}],"wp:attachment":[{"href":"https:\/\/cdnoticias.com\/index.php\/wp-json\/wp\/v2\/media?parent=53852"}],"wp:term":[{"taxonomy":"category","embeddable":true,"href":"https:\/\/cdnoticias.com\/index.php\/wp-json\/wp\/v2\/categories?post=53852"},{"taxonomy":"post_tag","embeddable":true,"href":"https:\/\/cdnoticias.com\/index.php\/wp-json\/wp\/v2\/tags?post=53852"}],"curies":[{"name":"wp","href":"https:\/\/api.w.org\/{rel}","templated":true}]}}