{"id":53848,"date":"2022-05-06T18:53:22","date_gmt":"2022-05-06T21:53:22","guid":{"rendered":"https:\/\/www.centraldenoticias.com.ar\/?p=53848"},"modified":"2022-05-06T19:32:13","modified_gmt":"2022-05-06T22:32:13","slug":"gladys-gonzalez-estuvo-en-olavarria-y-con-galli-encabezaron-la-mesa-de-desarrollo-sostenible","status":"publish","type":"post","link":"https:\/\/cdnoticias.com\/index.php\/2022\/05\/06\/gladys-gonzalez-estuvo-en-olavarria-y-con-galli-encabezaron-la-mesa-de-desarrollo-sostenible\/","title":{"rendered":"Gladys Gonz\u00e1lez estuvo en Olavarr\u00eda y con Galli encabezaron la Mesa de Desarrollo Sostenible"},"content":{"rendered":"<p>Fue en la tarde de este viernes. La Senadora Nacional fue informada de los programas locales como el GIRO y el relleno sanitario. <!--more--><\/p>\n<hr \/>\n<p>En la tarde de este viernes <strong>el intendente municipal de Olavarr\u00eda Ezequiel Galli y la senadora nacional Gladys Gonz\u00e1lez encabezaron la reuni\u00f3n de la Mesa de Desarrollo Sostenible PRO en nuestra ciudad.<\/strong><\/p>\n<p>&nbsp;<\/p>\n<p>Del encuentro tambi\u00e9n participaron la diputada provincial Ros\u00edo Antironi, el Secretario de Gobierno Municipal Hilario Galli, el Secretario de Desarrollo Humano y Calidad de Vida Diego Robbiani, el Secretario de Desarrollo Econ\u00f3mico Julio Valetutto, la presidenta del HCD Cecilia Krivochen y dirigentes y funcionarios de la S\u00e9ptima Secci\u00f3n Electoral.<\/p>\n<p>&nbsp;<\/p>\n<p>Durante la presentaci\u00f3n, Ezequiel Galli agradeci\u00f3 la presencia de la senadora Gonz\u00e1lez (quien preside la Comisi\u00f3n de Ambiente y Desarrollo Sustentable en el Senado) y <strong>dio detalles del trabajo que se realiza en Olavarr\u00eda en materia de residuos y cuidado del ambiente.<\/strong><\/p>\n<p>&nbsp;<\/p>\n<p><img data-recalc-dims=\"1\" loading=\"lazy\" decoding=\"async\" class=\"alignnone size-large wp-image-53849\" src=\"https:\/\/i0.wp.com\/cdnoticias.com\/wp-content\/uploads\/2022\/05\/galligonzalez-1.jpg?resize=800%2C535&#038;ssl=1\" alt=\"\" width=\"800\" height=\"535\" srcset=\"https:\/\/i0.wp.com\/cdnoticias.com\/wp-content\/uploads\/2022\/05\/galligonzalez-1.jpg?resize=1024%2C685&amp;ssl=1 1024w, https:\/\/i0.wp.com\/cdnoticias.com\/wp-content\/uploads\/2022\/05\/galligonzalez-1.jpg?resize=300%2C201&amp;ssl=1 300w, https:\/\/i0.wp.com\/cdnoticias.com\/wp-content\/uploads\/2022\/05\/galligonzalez-1.jpg?resize=768%2C513&amp;ssl=1 768w, https:\/\/i0.wp.com\/cdnoticias.com\/wp-content\/uploads\/2022\/05\/galligonzalez-1.jpg?resize=272%2C182&amp;ssl=1 272w, https:\/\/i0.wp.com\/cdnoticias.com\/wp-content\/uploads\/2022\/05\/galligonzalez-1.jpg?w=1472&amp;ssl=1 1472w\" sizes=\"auto, (max-width: 800px) 100vw, 800px\" \/><\/p>\n<p>&nbsp;<\/p>\n<p><em>&#8220;Celebro que hoy pongamos en agenda el desarrollo sostenible y nosotros estamos trabajando en el tema con la Gesti\u00f3n Integral de Residuos Olavarr\u00eda (GIRO)&#8221;<\/em>, dijo Galli.<\/p>\n<p>&nbsp;<\/p>\n<blockquote><p><em>&#8220;<strong>La idea de GIRO es poder replicarlo despu\u00e9s en otras ciudades del pa\u00eds<\/strong>. La nuestra fue una de las primeras en ser elegidas por el compromiso con el cuidado del ambiente y por la transparencia&#8221;<\/em>, agreg\u00f3.<\/p><\/blockquote>\n<p>&nbsp;<\/p>\n<p>Adem\u00e1s, Ezequiel Galli expres\u00f3: <em>&#8220;Tenemos una historia que inici\u00f3 Don Helios Eseverri con el relleno sanitario, la continu\u00f3 Jos\u00e9 y nosotros trabajamos permanentemente para poder darle mayor vida \u00fatil y generar una econom\u00eda circular&#8221;.<\/em><\/p>\n<p>&nbsp;<\/p>\n<p>Posteriormente, Julio Valetutto y Gustavo N\u00fa\u00f1ez explicaron minuciosa y detalladamente c\u00f3mo funciona la <strong>gesti\u00f3n de residuos en Olavarr\u00eda e invitaron a los asistentes a interiorizarse en el tema.<\/strong><\/p>\n<p>&nbsp;<\/p>\n<p>Finalmente, la senadora Gonz\u00e1lez narr\u00f3 cu\u00e1les son <strong>los trabajos que se vienen haciendo en el Congreso de la Naci\u00f3n en materia de ambiente<\/strong> y explic\u00f3 cu\u00e1l es la agenda legislativa en la tem\u00e1tica.<\/p>\n<p>&nbsp;<\/p>\n<p>Tras las exposiciones, <strong>todos los asistentes concurrieron al Relleno Sanitario<\/strong>, donde pudieron ver c\u00f3mo se llevan a cabo los trabajos con los residuos en Olavarr\u00eda.<\/p>\n","protected":false},"excerpt":{"rendered":"<p>Fue en la tarde de este viernes. La Senadora Nacional fue informada de los programas locales como el GIRO y<\/p>\n","protected":false},"author":2,"featured_media":53850,"comment_status":"closed","ping_status":"closed","sticky":false,"template":"","format":"standard","meta":{"_jetpack_memberships_contains_paid_content":false,"footnotes":""},"categories":[4,1],"tags":[],"class_list":["post-53848","post","type-post","status-publish","format-standard","has-post-thumbnail","hentry","category-politica","category-portada"],"jetpack_featured_media_url":"https:\/\/i0.wp.com\/cdnoticias.com\/wp-content\/uploads\/2022\/05\/galligonzalez-2.jpg?fit=1472%2C984&ssl=1","jetpack_sharing_enabled":true,"_links":{"self":[{"href":"https:\/\/cdnoticias.com\/index.php\/wp-json\/wp\/v2\/posts\/53848","targetHints":{"allow":["GET"]}}],"collection":[{"href":"https:\/\/cdnoticias.com\/index.php\/wp-json\/wp\/v2\/posts"}],"about":[{"href":"https:\/\/cdnoticias.com\/index.php\/wp-json\/wp\/v2\/types\/post"}],"author":[{"embeddable":true,"href":"https:\/\/cdnoticias.com\/index.php\/wp-json\/wp\/v2\/users\/2"}],"replies":[{"embeddable":true,"href":"https:\/\/cdnoticias.com\/index.php\/wp-json\/wp\/v2\/comments?post=53848"}],"version-history":[{"count":0,"href":"https:\/\/cdnoticias.com\/index.php\/wp-json\/wp\/v2\/posts\/53848\/revisions"}],"wp:featuredmedia":[{"embeddable":true,"href":"https:\/\/cdnoticias.com\/index.php\/wp-json\/wp\/v2\/media\/53850"}],"wp:attachment":[{"href":"https:\/\/cdnoticias.com\/index.php\/wp-json\/wp\/v2\/media?parent=53848"}],"wp:term":[{"taxonomy":"category","embeddable":true,"href":"https:\/\/cdnoticias.com\/index.php\/wp-json\/wp\/v2\/categories?post=53848"},{"taxonomy":"post_tag","embeddable":true,"href":"https:\/\/cdnoticias.com\/index.php\/wp-json\/wp\/v2\/tags?post=53848"}],"curies":[{"name":"wp","href":"https:\/\/api.w.org\/{rel}","templated":true}]}}