{"id":538,"date":"2020-09-02T09:31:18","date_gmt":"2020-09-02T12:31:18","guid":{"rendered":"http:\/\/www.centraldenoticias.com.ar\/?p=538"},"modified":"2020-09-02T09:31:18","modified_gmt":"2020-09-02T12:31:18","slug":"laprida-el-distrito-con-mas-infectados-por-habitante","status":"publish","type":"post","link":"https:\/\/cdnoticias.com\/index.php\/2020\/09\/02\/laprida-el-distrito-con-mas-infectados-por-habitante\/","title":{"rendered":"Laprida, el distrito con m\u00e1s infectados por habitante"},"content":{"rendered":"<p>Seg\u00fan un relevamiento de la agencia de noticias DIB, tiene un contagiado cada 36 vecinos, en una situaci\u00f3n sumamente delicada. Olavarr\u00eda no aparece entre los 20 primeros: tiene un contagio cada 303 habitantes.<!--more--><\/p>\n<p>___________________________<\/p>\n<p>En un relevamiento de la agencia de noticias DIB, se indic\u00f3 que tras el fuerte brote que lo mantiene en Fase 3,<strong> el distrito de Laprida es el que tiene m\u00e1s infectados por habitante, en cifras alarmantes: un contagiado cada 36 vecinos.<\/strong><\/p>\n<p>&nbsp;<\/p>\n<p>Adem\u00e1s,<strong> hay 8 distritos con un caso cada menos de 100 habitantes<\/strong>: Lezama, con uno cada 60; Baradero, uno cada 75; Dolores, uno cada 78; Bragado, uno cada 79; Salto, uno cada 86; Coronel Pringles, uno cada 89; Mercedes, uno cada 95, y Magdalena, uno cada 98.<\/p>\n<p>&nbsp;<\/p>\n<p>Mientras hay preocupaci\u00f3n por los contagios en el interior de la Provincia (<a href=\"https:\/\/cdnoticias.com\/index.php\/2020\/09\/01\/coronavirus-en-olavarria-fallecieron-3-personas-y-hubo-30-casos-positivos\/\">Olavarr\u00eda tuvo ayer 30 casos y 3 personas fallecidas<\/a>) contabilizan un contagio cada menos de 250 vecinos Brandsen (108), Capit\u00e1n Sarmiento (112), Chascom\u00fas (130), Pinamar (136), General Viamonte (137), Tornquist (138), San Pedro (144), Lobos (176), General Pueyrredon (177) y San Antonio de Areco (191).<\/p>\n<p>&nbsp;<\/p>\n<blockquote><p>En el acumulado, General Pueyrred\u00f3n (Mar del Plata) es el partido con m\u00e1s contagios, alcanzando los 3.704, seguido de Bah\u00eda Blanca con 1.059.<\/p><\/blockquote>\n<p>&nbsp;<\/p>\n<p><strong>Olavarr\u00eda, en tanto, aparece despu\u00e9s de las ciudades importantes y un poco m\u00e1s lejos del ranking: tiene un caso cada 303 habitantes.<\/strong> Tandil, mucho m\u00e1s lejos, tiene un caso cada 1.002.<\/p>\n<p>&nbsp;<\/p>\n<p><em>(Foto: gentileza InfoLaprida)<\/em><\/p>\n","protected":false},"excerpt":{"rendered":"<p>Seg\u00fan un relevamiento de la agencia de noticias DIB, tiene un contagiado cada 36 vecinos, en una situaci\u00f3n sumamente delicada.<\/p>\n","protected":false},"author":2,"featured_media":540,"comment_status":"closed","ping_status":"closed","sticky":false,"template":"","format":"standard","meta":{"_jetpack_memberships_contains_paid_content":false,"footnotes":""},"categories":[6,1],"tags":[],"class_list":["post-538","post","type-post","status-publish","format-standard","has-post-thumbnail","hentry","category-nacionales","category-portada"],"jetpack_featured_media_url":"https:\/\/i0.wp.com\/cdnoticias.com\/wp-content\/uploads\/2020\/09\/asdasd-5.jpg?fit=960%2C540&ssl=1","jetpack_sharing_enabled":true,"_links":{"self":[{"href":"https:\/\/cdnoticias.com\/index.php\/wp-json\/wp\/v2\/posts\/538","targetHints":{"allow":["GET"]}}],"collection":[{"href":"https:\/\/cdnoticias.com\/index.php\/wp-json\/wp\/v2\/posts"}],"about":[{"href":"https:\/\/cdnoticias.com\/index.php\/wp-json\/wp\/v2\/types\/post"}],"author":[{"embeddable":true,"href":"https:\/\/cdnoticias.com\/index.php\/wp-json\/wp\/v2\/users\/2"}],"replies":[{"embeddable":true,"href":"https:\/\/cdnoticias.com\/index.php\/wp-json\/wp\/v2\/comments?post=538"}],"version-history":[{"count":0,"href":"https:\/\/cdnoticias.com\/index.php\/wp-json\/wp\/v2\/posts\/538\/revisions"}],"wp:featuredmedia":[{"embeddable":true,"href":"https:\/\/cdnoticias.com\/index.php\/wp-json\/wp\/v2\/media\/540"}],"wp:attachment":[{"href":"https:\/\/cdnoticias.com\/index.php\/wp-json\/wp\/v2\/media?parent=538"}],"wp:term":[{"taxonomy":"category","embeddable":true,"href":"https:\/\/cdnoticias.com\/index.php\/wp-json\/wp\/v2\/categories?post=538"},{"taxonomy":"post_tag","embeddable":true,"href":"https:\/\/cdnoticias.com\/index.php\/wp-json\/wp\/v2\/tags?post=538"}],"curies":[{"name":"wp","href":"https:\/\/api.w.org\/{rel}","templated":true}]}}