{"id":53778,"date":"2022-05-06T12:17:41","date_gmt":"2022-05-06T15:17:41","guid":{"rendered":"https:\/\/www.centraldenoticias.com.ar\/?p=53778"},"modified":"2022-05-06T14:45:23","modified_gmt":"2022-05-06T17:45:23","slug":"pedido-de-medicos-en-las-localidades-nueva-manifestacion-en-sierra-chica","status":"publish","type":"post","link":"https:\/\/cdnoticias.com\/index.php\/2022\/05\/06\/pedido-de-medicos-en-las-localidades-nueva-manifestacion-en-sierra-chica\/","title":{"rendered":"Pedido de m\u00e9dicos en las localidades: nueva manifestaci\u00f3n en Sierra Chica"},"content":{"rendered":"<p>Ser\u00e1 este s\u00e1bado a partir de las 19:00. Realizar\u00e1n un abrazo simb\u00f3lico a la sala de la localidad. Adem\u00e1s, juntan firmas para enviar a la Defensor\u00eda del Pueblo de Naci\u00f3n. <!--more--><\/p>\n<hr \/>\n<p>Vecinos y vecinas de Sierra Chica anunciaron que realizar\u00e1n una <strong>nueva manifestaci\u00f3n en la localidad.<\/strong><\/p>\n<p>&nbsp;<\/p>\n<p>Ser\u00e1 este <strong>s\u00e1bado 7 de mayo a las 19:00<\/strong> y consistir\u00e1 en un abrazo simb\u00f3lico a la Sala de Atenci\u00f3n Primaria con el objetivo de \u201cvisibilizar el reclamo\u201d. En ese sentido, pidieron <strong>concurrir con velas.<\/strong><\/p>\n<p>&nbsp;<\/p>\n<p>\u201cEl municipio dice que esto va para peor, nosotros le gritamos que si no responden nuestros derechos se les va a poner peor\u201d, expresaron en la convocatoria.<\/p>\n<p>&nbsp;<\/p>\n<p>Adem\u00e1s, recordaron que distribuyeron<strong> planillas en distintos comercios de la localidad<\/strong> con el objetivo de juntar firmas para enviar a la Defensor\u00eda del Pueblo de Naci\u00f3n y as\u00ed plasmar el <strong>reclamo por una cobertura de m\u00e9dicos durante las 24 horas. \u00a0<\/strong><\/p>\n<p>&nbsp;<\/p>\n<p>La preocupaci\u00f3n por la cobertura de salud, se da tanto en Sierra Chica como en otras localidades que han reactivado la solicitud de mejoras en el \u00e1rea.<\/p>\n<p>&nbsp;<\/p>\n<p>Incluso, vecinos autoconvocados de Loma Negra, Sierras Bayas y Colonia San Miguel estuvieron el jueves por la ma\u00f1ana en la Municipalidad y en el Concejo Deliberante para<a href=\"https:\/\/cdnoticias.com\/index.php\/2022\/05\/05\/estamos-pidiendo-salud-que-es-un-tema-delicado-y-un-derecho-que-tenemos\/\" target=\"_blank\" rel=\"noopener\"> entregar los petitorios<\/a> que presentaron el s\u00e1bado en las manifestaciones realizadas en cada localidad.<\/p>\n<p>&nbsp;<\/p>\n<p>&nbsp;<\/p>\n<p><em>Imagen de archivo.\u00a0<\/em><\/p>\n","protected":false},"excerpt":{"rendered":"<p>Ser\u00e1 este s\u00e1bado a partir de las 19:00. Realizar\u00e1n un abrazo simb\u00f3lico a la sala de la localidad. Adem\u00e1s, juntan<\/p>\n","protected":false},"author":5,"featured_media":53780,"comment_status":"closed","ping_status":"closed","sticky":false,"template":"","format":"standard","meta":{"_jetpack_memberships_contains_paid_content":false,"footnotes":""},"categories":[5,1],"tags":[],"class_list":["post-53778","post","type-post","status-publish","format-standard","has-post-thumbnail","hentry","category-informacion-general","category-portada"],"jetpack_featured_media_url":"https:\/\/i0.wp.com\/cdnoticias.com\/wp-content\/uploads\/2022\/05\/WhatsApp-Image-2022-03-31-at-15.36.24-1-1536x709-1.jpeg?fit=1182%2C709&ssl=1","jetpack_sharing_enabled":true,"_links":{"self":[{"href":"https:\/\/cdnoticias.com\/index.php\/wp-json\/wp\/v2\/posts\/53778","targetHints":{"allow":["GET"]}}],"collection":[{"href":"https:\/\/cdnoticias.com\/index.php\/wp-json\/wp\/v2\/posts"}],"about":[{"href":"https:\/\/cdnoticias.com\/index.php\/wp-json\/wp\/v2\/types\/post"}],"author":[{"embeddable":true,"href":"https:\/\/cdnoticias.com\/index.php\/wp-json\/wp\/v2\/users\/5"}],"replies":[{"embeddable":true,"href":"https:\/\/cdnoticias.com\/index.php\/wp-json\/wp\/v2\/comments?post=53778"}],"version-history":[{"count":0,"href":"https:\/\/cdnoticias.com\/index.php\/wp-json\/wp\/v2\/posts\/53778\/revisions"}],"wp:featuredmedia":[{"embeddable":true,"href":"https:\/\/cdnoticias.com\/index.php\/wp-json\/wp\/v2\/media\/53780"}],"wp:attachment":[{"href":"https:\/\/cdnoticias.com\/index.php\/wp-json\/wp\/v2\/media?parent=53778"}],"wp:term":[{"taxonomy":"category","embeddable":true,"href":"https:\/\/cdnoticias.com\/index.php\/wp-json\/wp\/v2\/categories?post=53778"},{"taxonomy":"post_tag","embeddable":true,"href":"https:\/\/cdnoticias.com\/index.php\/wp-json\/wp\/v2\/tags?post=53778"}],"curies":[{"name":"wp","href":"https:\/\/api.w.org\/{rel}","templated":true}]}}