{"id":53761,"date":"2022-05-08T10:06:57","date_gmt":"2022-05-08T13:06:57","guid":{"rendered":"https:\/\/www.centraldenoticias.com.ar\/?p=53761"},"modified":"2022-05-08T10:06:57","modified_gmt":"2022-05-08T13:06:57","slug":"finestec-preinscripcion-abierta-para-terminar-estudios-secundarios-tecnicos","status":"publish","type":"post","link":"https:\/\/cdnoticias.com\/index.php\/2022\/05\/08\/finestec-preinscripcion-abierta-para-terminar-estudios-secundarios-tecnicos\/","title":{"rendered":"FinEsTec: preinscripci\u00f3n abierta para terminar estudios secundarios t\u00e9cnicos"},"content":{"rendered":"<p>El Programa est\u00e1 dirigido a mayores de 18 a\u00f1os que terminaron de cursar el \u00faltimo a\u00f1o en una Escuela T\u00e9cnica y les quedan pendientes materias.<!--more--><\/p>\n<hr \/>\n<p>Se encuentra abierta la preinscripci\u00f3n al<strong> FinEsTec (Terminalidad Educativa de Estudios Secundarios T\u00e9cnicos)<\/strong> para mayores de 18 a\u00f1os.<\/p>\n<p>&nbsp;<\/p>\n<p>Los interesados pueden preinscribirse completando el siguiente formulario: <a href=\"https:\/\/forms.gle\/ySBNDKeYspyqfSKq9\" target=\"_blank\" rel=\"noopener\">https:\/\/forms.gle\/ySBNDKeYspyqfSKq9<\/a><\/p>\n<p>&nbsp;<\/p>\n<p>La Terminalidad Educativa de Estudios Secundarios T\u00e9cnicos (FinEsTec) es un programa implementado desde la Direcci\u00f3n General de Cultura y Educaci\u00f3n junto al INET que <strong>ofrece a j\u00f3venes, adultas y adultos la posibilidad de finalizar sus estudios secundarios t\u00e9cnicos<\/strong> con el objetivo de asegurar el cumplimiento de los principios de equidad y calidad de la pol\u00edtica educativa de la Educaci\u00f3n T\u00e9cnica Profesional.<\/p>\n<p>&nbsp;<\/p>\n<p>Se trata de una estrategia federal dise\u00f1ada para quienes terminaron de cursar el \u00faltimo a\u00f1o en una Escuela T\u00e9cnica y les quedan pendientes materias para obtener el <strong>t\u00edtulo t\u00e9cnico de Nivel Secundario<\/strong>. Se realiza en el marco de la Resoluci\u00f3n N\u00b0208\/13 del Consejo Federal de Educaci\u00f3n y la Resoluci\u00f3n INET N\u00b0679\/14.<\/p>\n<p>&nbsp;<\/p>\n<p>Est\u00e1 destinado a quienes terminaron de cursar como estudiantes regulares del \u00faltimo a\u00f1o de la tecnicatura hasta el ciclo lectivo 2019, inclusive.<strong> Solo pueden inscribirse las alumnas y alumnos que cursaron sus estudios en una Escuela T\u00e9cnica<\/strong> ya que quienes lo hicieron en Escuelas Medias o de la Modalidad Adultos cuentan con otros programas dependientes de la Direcci\u00f3n de Educaci\u00f3n de J\u00f3venes, Adultos y Adultos Mayores.<\/p>\n","protected":false},"excerpt":{"rendered":"<p>El Programa est\u00e1 dirigido a mayores de 18 a\u00f1os que terminaron de cursar el \u00faltimo a\u00f1o en una Escuela T\u00e9cnica<\/p>\n","protected":false},"author":5,"featured_media":53766,"comment_status":"closed","ping_status":"closed","sticky":false,"template":"","format":"standard","meta":{"_jetpack_memberships_contains_paid_content":false,"footnotes":""},"categories":[5,1],"tags":[],"class_list":["post-53761","post","type-post","status-publish","format-standard","has-post-thumbnail","hentry","category-informacion-general","category-portada"],"jetpack_featured_media_url":"https:\/\/i0.wp.com\/cdnoticias.com\/wp-content\/uploads\/2022\/05\/finestec.jpeg?fit=1280%2C853&ssl=1","jetpack_sharing_enabled":true,"_links":{"self":[{"href":"https:\/\/cdnoticias.com\/index.php\/wp-json\/wp\/v2\/posts\/53761","targetHints":{"allow":["GET"]}}],"collection":[{"href":"https:\/\/cdnoticias.com\/index.php\/wp-json\/wp\/v2\/posts"}],"about":[{"href":"https:\/\/cdnoticias.com\/index.php\/wp-json\/wp\/v2\/types\/post"}],"author":[{"embeddable":true,"href":"https:\/\/cdnoticias.com\/index.php\/wp-json\/wp\/v2\/users\/5"}],"replies":[{"embeddable":true,"href":"https:\/\/cdnoticias.com\/index.php\/wp-json\/wp\/v2\/comments?post=53761"}],"version-history":[{"count":0,"href":"https:\/\/cdnoticias.com\/index.php\/wp-json\/wp\/v2\/posts\/53761\/revisions"}],"wp:featuredmedia":[{"embeddable":true,"href":"https:\/\/cdnoticias.com\/index.php\/wp-json\/wp\/v2\/media\/53766"}],"wp:attachment":[{"href":"https:\/\/cdnoticias.com\/index.php\/wp-json\/wp\/v2\/media?parent=53761"}],"wp:term":[{"taxonomy":"category","embeddable":true,"href":"https:\/\/cdnoticias.com\/index.php\/wp-json\/wp\/v2\/categories?post=53761"},{"taxonomy":"post_tag","embeddable":true,"href":"https:\/\/cdnoticias.com\/index.php\/wp-json\/wp\/v2\/tags?post=53761"}],"curies":[{"name":"wp","href":"https:\/\/api.w.org\/{rel}","templated":true}]}}