{"id":53748,"date":"2022-05-06T08:15:48","date_gmt":"2022-05-06T11:15:48","guid":{"rendered":"https:\/\/www.centraldenoticias.com.ar\/?p=53748"},"modified":"2022-05-06T09:02:16","modified_gmt":"2022-05-06T12:02:16","slug":"mas-de-10-mil-viviendas-ya-se-censaron-digitalmente-en-olavarria","status":"publish","type":"post","link":"https:\/\/cdnoticias.com\/index.php\/2022\/05\/06\/mas-de-10-mil-viviendas-ya-se-censaron-digitalmente-en-olavarria\/","title":{"rendered":"M\u00e1s de 10 mil viviendas ya se censaron digitalmente en Olavarr\u00eda"},"content":{"rendered":"<p>La cifra representa m\u00e1s del 20% del total. Desde la Municipalidad dispusieron espacios para asesorar a las personas para completar el cuestionario.<!--more--><\/p>\n<hr \/>\n<p>Desde la Secretar\u00eda de Gobierno de la Municipal de Olavarr\u00eda se record\u00f3 que las personas interesadas ya pueden realizar de manera virtual el Censo Nacional de Poblaci\u00f3n, Hogares y Viviendas de la Rep\u00fablica Argentina, que <strong>por primera vez en la historia de nuestro pa\u00eds ser\u00e1 bimodal, digital y presencial.<\/strong><\/p>\n<p>&nbsp;<\/p>\n<p>En ese sentido, se inform\u00f3 que a la fecha <strong>m\u00e1s de 10 mil viviendas del Partido ya fueron censadas de manera digital<\/strong>, lo que representa algo m\u00e1s del 20% del total.<\/p>\n<p>&nbsp;<\/p>\n<p>Se precis\u00f3 que aquellas personas que opten por completar el cuestionario mediante esta modalidad obtendr\u00e1n un c\u00f3digo digital que se deber\u00e1 presentar al censista cuando concurra al domicilio. <strong>El plazo para poder hacerlo mediante esta v\u00eda es el 18 de mayo, precisamente la fecha en la que se realizar\u00e1 el censo pero de manera presencial.<\/strong><\/p>\n<p>&nbsp;<\/p>\n<p>Fue por ello que se record\u00f3, por un lado, que en el Punto Digital del Centro Cultural San Jos\u00e9 se asesorar\u00e1 a las personas que se acerquen los lunes, martes, jueves y viernes de 9 a 11 horas, y mi\u00e9rcoles de 17 a 19 horas. Por consultas pueden comunicarse al 422099.<\/p>\n<p>&nbsp;<\/p>\n<p><img data-recalc-dims=\"1\" loading=\"lazy\" decoding=\"async\" class=\"aligncenter size-full wp-image-53751\" src=\"https:\/\/i0.wp.com\/cdnoticias.com\/wp-content\/uploads\/2022\/05\/Gobierno-Reunion-Censo-2022-1-1024x685-1.jpg?resize=800%2C480&#038;ssl=1\" alt=\"\" width=\"800\" height=\"480\" srcset=\"https:\/\/i0.wp.com\/cdnoticias.com\/wp-content\/uploads\/2022\/05\/Gobierno-Reunion-Censo-2022-1-1024x685-1.jpg?w=1024&amp;ssl=1 1024w, https:\/\/i0.wp.com\/cdnoticias.com\/wp-content\/uploads\/2022\/05\/Gobierno-Reunion-Censo-2022-1-1024x685-1.jpg?resize=300%2C180&amp;ssl=1 300w, https:\/\/i0.wp.com\/cdnoticias.com\/wp-content\/uploads\/2022\/05\/Gobierno-Reunion-Censo-2022-1-1024x685-1.jpg?resize=768%2C461&amp;ssl=1 768w\" sizes=\"auto, (max-width: 800px) 100vw, 800px\" \/><\/p>\n<p>&nbsp;<\/p>\n<p>A la par, se a\u00f1adi\u00f3 que tambi\u00e9n se asesorar\u00e1 en todas las delegaciones municipales, servicios territoriales e inclusive el Museo de Ciencias. <strong>A continuaci\u00f3n, el detalle con direcciones y horarios:<\/strong><\/p>\n<p>&nbsp;<\/p>\n<p><strong>-Delegaci\u00f3n Hinojo:<\/strong> Calle Sara \u00c1lvarez N\u00ba 1769 \u2013 Horario atenci\u00f3n: 07:00 a 13:00hs.<\/p>\n<p>&nbsp;<\/p>\n<p><strong>-Delegaci\u00f3n Loma Negra:<\/strong> Calle 1 de Mayo N\u00ba 1448 \u2013 Horario atenci\u00f3n: 07:00 a 13:00hs.<\/p>\n<p>&nbsp;<\/p>\n<p><strong>-Delegaci\u00f3n Sierras Bayas:<\/strong> Calle San Mart\u00edn 1696 \u2013 Horario atenci\u00f3n: 07:00 a 13:00hs.<\/p>\n<p>&nbsp;<\/p>\n<p><strong>-Delegaci\u00f3n Sierra Chica:<\/strong> Calle Sbardolini N\u00ba 1105 \u2013 Horario atenci\u00f3n: 07:00 a 13:00hs.<\/p>\n<p>&nbsp;<\/p>\n<p><strong>-Delegaci\u00f3n de Recalde:<\/strong> Calle Zanardi y Ren\u00e9 Nievas \u2013 Horario atenci\u00f3n: 07:00 a 13:00hs.<\/p>\n<p>&nbsp;<\/p>\n<p><strong>-Delegaci\u00f3n de Santa Luisa:<\/strong> Calle Pourtal\u00e9 de Cassaux n\u00b0247 \u2013 Horario atenci\u00f3n: 07:00 a 13:00hs.<\/p>\n<p>&nbsp;<\/p>\n<p><strong>-Delegaci\u00f3n de Espigas:<\/strong> Calle S\u00e1bato de Gonzalez y P. Yungblut \u2013 Horario atenci\u00f3n: 07:00 a 13:00hs.<\/p>\n<p>&nbsp;<\/p>\n<p><strong>-Territorial 1:<\/strong> Avenida Alberdi y Fassina \u2013 Horario atenci\u00f3n: 07:00 a 13:00hs.<\/p>\n<p>&nbsp;<\/p>\n<p><strong>-Territorial 2:<\/strong> Avenida Alberdi 2555 \u2013 Horario atenci\u00f3n: 07:00 a 13:00hs.<\/p>\n<p>&nbsp;<\/p>\n<p><strong>-Territorial 4:<\/strong> Calle Rufino Fal y Berutti \u2013 Horario atenci\u00f3n: 07:00 a 13:00hs.<\/p>\n<p>&nbsp;<\/p>\n<p><strong>-Territorial 7 CIC:<\/strong> Calle Santa F\u00e9 1601 \u2013 Horario atenci\u00f3n: 07:00 a 13:00hs.<\/p>\n<p>&nbsp;<\/p>\n<p><strong>-Centro Cultural San Jos\u00e9:<\/strong> Calle Riobamba 2949 \u2013 Horario atenci\u00f3n: lunes, martes, jueves y viernes 09:00 a 11:00 y mi\u00e9rcoles 17:00 a 19:00hs.<\/p>\n<p>&nbsp;<\/p>\n<p><strong>-Museo de las Ciencias:<\/strong> Avenida Pellegrini 4200 \u2013 Horario atenci\u00f3n: lunes, martes, jueves y viernes 09:00 a 11:00 y mi\u00e9rcoles 17:00 a 19:00hs.<\/p>\n<p>&nbsp;<\/p>\n<p>Por \u00faltimo, se insisti\u00f3 en que el Censo Digital <strong>no exime<\/strong> de estar en los domicilios el d\u00eda del Censo Presencial.<\/p>\n","protected":false},"excerpt":{"rendered":"<p>La cifra representa m\u00e1s del 20% del total. Desde la Municipalidad dispusieron espacios para asesorar a las personas para completar<\/p>\n","protected":false},"author":5,"featured_media":47192,"comment_status":"closed","ping_status":"closed","sticky":false,"template":"","format":"standard","meta":{"_jetpack_memberships_contains_paid_content":false,"footnotes":""},"categories":[5,1],"tags":[],"class_list":["post-53748","post","type-post","status-publish","format-standard","has-post-thumbnail","hentry","category-informacion-general","category-portada"],"jetpack_featured_media_url":"https:\/\/i0.wp.com\/cdnoticias.com\/wp-content\/uploads\/2022\/02\/Censo-Digital-1.jpg?fit=850%2C550&ssl=1","jetpack_sharing_enabled":true,"_links":{"self":[{"href":"https:\/\/cdnoticias.com\/index.php\/wp-json\/wp\/v2\/posts\/53748","targetHints":{"allow":["GET"]}}],"collection":[{"href":"https:\/\/cdnoticias.com\/index.php\/wp-json\/wp\/v2\/posts"}],"about":[{"href":"https:\/\/cdnoticias.com\/index.php\/wp-json\/wp\/v2\/types\/post"}],"author":[{"embeddable":true,"href":"https:\/\/cdnoticias.com\/index.php\/wp-json\/wp\/v2\/users\/5"}],"replies":[{"embeddable":true,"href":"https:\/\/cdnoticias.com\/index.php\/wp-json\/wp\/v2\/comments?post=53748"}],"version-history":[{"count":0,"href":"https:\/\/cdnoticias.com\/index.php\/wp-json\/wp\/v2\/posts\/53748\/revisions"}],"wp:featuredmedia":[{"embeddable":true,"href":"https:\/\/cdnoticias.com\/index.php\/wp-json\/wp\/v2\/media\/47192"}],"wp:attachment":[{"href":"https:\/\/cdnoticias.com\/index.php\/wp-json\/wp\/v2\/media?parent=53748"}],"wp:term":[{"taxonomy":"category","embeddable":true,"href":"https:\/\/cdnoticias.com\/index.php\/wp-json\/wp\/v2\/categories?post=53748"},{"taxonomy":"post_tag","embeddable":true,"href":"https:\/\/cdnoticias.com\/index.php\/wp-json\/wp\/v2\/tags?post=53748"}],"curies":[{"name":"wp","href":"https:\/\/api.w.org\/{rel}","templated":true}]}}