{"id":53624,"date":"2024-07-28T18:03:31","date_gmt":"2024-07-28T21:03:31","guid":{"rendered":"https:\/\/centraldeportes.com.ar\/?p=53624"},"modified":"2025-02-13T21:36:25","modified_gmt":"2025-02-14T00:36:25","slug":"hubo-podios-olavarrienses-en-la-ultramaraton-de-bolivar","status":"publish","type":"post","link":"https:\/\/cdnoticias.com\/index.php\/2024\/07\/28\/hubo-podios-olavarrienses-en-la-ultramaraton-de-bolivar\/","title":{"rendered":"Hubo podios olavarrienses en la Ultramarat\u00f3n de Bol\u00edvar"},"content":{"rendered":"<p>El pasado s\u00e1bado y como es habitual en las inmediaciones del Parque Municipal Las Acollaradas se llev\u00f3 a cabo una nueva edici\u00f3n de la Ultramarat\u00f3n de Bol\u00edvar y entre el centenar de atletas presentes, hubo podios para los atletas locales.<!--more--><\/p>\n<hr \/>\n<p>Representantes de los diferentes grupos running de Olavarr\u00eda se presentaron en la vecina localidad y completaron sus presentaciones en las tres categor\u00edas de la carrera.<\/p>\n<p>&nbsp;<\/p>\n<p>En 21K, el podio tuvo cuatro presencias locales y tambi\u00e9n varios se quedaron las victorias en sus categor\u00edas. Adem\u00e1s, hubo 100 y 50 kil\u00f3metros.<\/p>\n<p>&nbsp;<\/p>\n<p>Los resultados:<\/p>\n<p>21K:<\/p>\n<p>Caballeros:<br \/>\n1\u00b0 D\u00edaz Diego con 1:15:09<br \/>\n2\u00b0 Mart\u00edn Lucas con 1:20:38<br \/>\n3\u00b0 Navarro Jonathan con 1:23:29<br \/>\n5\u00b0 Gonz\u00e1lez Jonatan<br \/>\n7\u00b0 Canobe Carlos<br \/>\n23\u00b0 Notararigo Mariano<br \/>\n29\u00b0 Luayza Daniel<br \/>\n31\u00b0 Zangara Jos\u00e9. Gan\u00f3 su categor\u00eda.<br \/>\n34\u00b0 Canavello Alberto<br \/>\n38\u00b0 Elzegbe Pablo<br \/>\n44\u00b0 Grunewald H\u00e9ctor. Gan\u00f3 su categor\u00eda.<\/p>\n<p>Damas:<br \/>\n14\u00b0 P\u00e9rez Melisa<\/p>\n<p>&nbsp;<\/p>\n<p>50K:<\/p>\n<p>Caballeros:<br \/>\n3\u00b0 Z\u00e1rate Iv\u00e1n con 3:48:08<\/p>\n<p>Damas:<br \/>\n7\u00b0 Cuniolo Mar\u00eda Eugenia con 5:17:29. Gan\u00f3 su categor\u00eda.<br \/>\n8\u00b0 Cordero Karina con 5:17:59. Gan\u00f3 su categor\u00eda.<\/p>\n<p>&nbsp;<\/p>\n<p>100K:<\/p>\n<p>Caballeros:<br \/>\n8\u00b0 Belisle Carlos 9:20:41<br \/>\n9\u00b0 Arauz Dar\u00edo con 9:20:42<\/p>\n","protected":false},"excerpt":{"rendered":"<p>El pasado s\u00e1bado y como es habitual en las inmediaciones del Parque Municipal Las Acollaradas se llev\u00f3 a cabo una<\/p>\n","protected":false},"author":96739694,"featured_media":162171,"comment_status":"closed","ping_status":"closed","sticky":false,"template":"","format":"standard","meta":{"_jetpack_memberships_contains_paid_content":false,"footnotes":""},"categories":[38,1],"tags":[],"class_list":["post-53624","post","type-post","status-publish","format-standard","has-post-thumbnail","hentry","category-pedestrismo","category-portada"],"jetpack_featured_media_url":"https:\/\/i0.wp.com\/cdnoticias.com\/wp-content\/uploads\/2024\/07\/WhatsApp-Image-2024-07-27-at-20.37.11-e1722200596552.jpeg?fit=872%2C482&ssl=1","jetpack_sharing_enabled":true,"_links":{"self":[{"href":"https:\/\/cdnoticias.com\/index.php\/wp-json\/wp\/v2\/posts\/53624","targetHints":{"allow":["GET"]}}],"collection":[{"href":"https:\/\/cdnoticias.com\/index.php\/wp-json\/wp\/v2\/posts"}],"about":[{"href":"https:\/\/cdnoticias.com\/index.php\/wp-json\/wp\/v2\/types\/post"}],"author":[{"embeddable":true,"href":"https:\/\/cdnoticias.com\/index.php\/wp-json\/wp\/v2\/users\/96739694"}],"replies":[{"embeddable":true,"href":"https:\/\/cdnoticias.com\/index.php\/wp-json\/wp\/v2\/comments?post=53624"}],"version-history":[{"count":0,"href":"https:\/\/cdnoticias.com\/index.php\/wp-json\/wp\/v2\/posts\/53624\/revisions"}],"wp:featuredmedia":[{"embeddable":true,"href":"https:\/\/cdnoticias.com\/index.php\/wp-json\/wp\/v2\/media\/162171"}],"wp:attachment":[{"href":"https:\/\/cdnoticias.com\/index.php\/wp-json\/wp\/v2\/media?parent=53624"}],"wp:term":[{"taxonomy":"category","embeddable":true,"href":"https:\/\/cdnoticias.com\/index.php\/wp-json\/wp\/v2\/categories?post=53624"},{"taxonomy":"post_tag","embeddable":true,"href":"https:\/\/cdnoticias.com\/index.php\/wp-json\/wp\/v2\/tags?post=53624"}],"curies":[{"name":"wp","href":"https:\/\/api.w.org\/{rel}","templated":true}]}}