{"id":53615,"date":"2022-05-06T08:12:37","date_gmt":"2022-05-06T11:12:37","guid":{"rendered":"https:\/\/www.centraldenoticias.com.ar\/?p=53615"},"modified":"2022-05-06T08:12:37","modified_gmt":"2022-05-06T11:12:37","slug":"desde-la-escuela-de-gobierno-proyectar-analizan-la-rendicion-de-cuentas-municipal-2021","status":"publish","type":"post","link":"https:\/\/cdnoticias.com\/index.php\/2022\/05\/06\/desde-la-escuela-de-gobierno-proyectar-analizan-la-rendicion-de-cuentas-municipal-2021\/","title":{"rendered":"Desde la Escuela de Gobierno ProyectAR analizan la rendici\u00f3n de cuentas Municipal 2021"},"content":{"rendered":"<p>Dicho informe permite conocer si los objetivos propuestos por el presupuesto municipal fueron logrados y su alcance hacia la comunidad del Partido de Olavarr\u00eda. <!--more--><\/p>\n<hr \/>\n<p>&nbsp;<\/p>\n<p>La <strong>Escuela de Gobierno y Pol\u00edticas P\u00fablicas del Frente Renovador ProyectAR Olavarr\u00eda<\/strong>, con la coordinaci\u00f3n de<strong> Eduardo Rodr\u00edguez<\/strong> y junto al bloque de<strong> Concejales del Foro Olavarr\u00eda &#8211; Frente Renovador,<\/strong> aborda el an\u00e1lisis de la <strong>Rendici\u00f3n de Cuentas Municipal 2021,<\/strong> presentada por el <strong>Intendente Municipal<\/strong> en el Concejo Deliberante.<\/p>\n<p>&nbsp;<\/p>\n<p>Dicho informe permite <strong>conocer si los objetivos propuestos por el presupuesto municipal fueron logrados<\/strong> y su alcance hacia la comunidad del Partido de Olavarr\u00eda.\u00a0 En el an\u00e1lisis de la Rendici\u00f3n de Cuentas participan los concejales <strong>In\u00e9s Creimer y Gast\u00f3n Sarachu<\/strong> y el equipo consultor de la Escuela de Gobierno.<\/p>\n<p>&nbsp;<\/p>\n<p>\u201cEste tratamiento nos permite <strong>ejercer la funci\u00f3n de control del Concejo Deliberante y que tenemos como ciudadanos<\/strong>\u201d, explic\u00f3 Eduardo Rodr\u00edguez. \u201cY, fundamentalmente para que <strong>la poblaci\u00f3n conozca y acceda a la informaci\u00f3n sobre el uso de los recursos municipales<\/strong> y la ejecuci\u00f3n de los mismos en el ejercicio anterior\u201d, indic\u00f3.<\/p>\n<p>&nbsp;<\/p>\n<p>El an\u00e1lisis de la Rendici\u00f3n de Cuentas por parte de ProyectAR Olavarr\u00eda se realiza bajo la perspectiva de <strong>\u201cEl Derecho a la Ciudad\u201d<\/strong>, definida como \u201cel usufructo equitativo de las ciudades dentro de los principios de sustentabilidad, democracia, equidad y justicia social\u201d, sostuvo Rodr\u00edguez.<\/p>\n<p>&nbsp;<\/p>\n<p>En este sentido, el coordinador local de ProyectAR remarc\u00f3 que esta consigna abarca \u201cel derecho de toda persona a crear ciudades que respondan a las necesidades humanas y que la representaci\u00f3n pol\u00edtica, tanto ejecutiva en el caso del Intendente como en el legislativo, en el caso de los concejales, debe responder a esa premisa de los vecinos ciudadanos que nos empoderan\u201d. En esta l\u00ednea, \u201cel objetivo es dar construcci\u00f3n a un proyecto para nuestra ciudad, nuestras localidades y nuestras zonas rurales que nos contenga a todos\u201d.<\/p>\n<p>&nbsp;<\/p>\n<p><strong>\u201cEntendemos que una verdadera Rendici\u00f3n de Cuentas del Municipio debe incluir a los destinatarios de su gesti\u00f3n, los ciudadanos olavarrienses\u201d<\/strong>, remarc\u00f3 Eduardo Rodr\u00edguez.\u00a0 En ese sentido, \u201cen otros distritos del pa\u00eds hemos visto mecanismos de participaci\u00f3n que promueven el acceso a la informaci\u00f3n y al control por parte de sus vecinos\u201d se\u00f1al\u00f3 Rodr\u00edguez.<\/p>\n<p>&nbsp;<\/p>\n<p>Para m\u00e1s informaci\u00f3n, visitar <a href=\"https:\/\/foroolavarria.org\/archivos\/57135\" target=\"_blank\" rel=\"noopener\">https:\/\/foroolavarria.org\/archivos\/57135<\/a><\/p>\n","protected":false},"excerpt":{"rendered":"<p>Dicho informe permite conocer si los objetivos propuestos por el presupuesto municipal fueron logrados y su alcance hacia la comunidad<\/p>\n","protected":false},"author":6,"featured_media":53616,"comment_status":"closed","ping_status":"closed","sticky":false,"template":"","format":"standard","meta":{"_jetpack_memberships_contains_paid_content":false,"footnotes":""},"categories":[4,1],"tags":[],"class_list":["post-53615","post","type-post","status-publish","format-standard","has-post-thumbnail","hentry","category-politica","category-portada"],"jetpack_featured_media_url":"https:\/\/i0.wp.com\/cdnoticias.com\/wp-content\/uploads\/2022\/05\/Rendicion-ProyectAR-1.jpg?fit=800%2C500&ssl=1","jetpack_sharing_enabled":true,"_links":{"self":[{"href":"https:\/\/cdnoticias.com\/index.php\/wp-json\/wp\/v2\/posts\/53615","targetHints":{"allow":["GET"]}}],"collection":[{"href":"https:\/\/cdnoticias.com\/index.php\/wp-json\/wp\/v2\/posts"}],"about":[{"href":"https:\/\/cdnoticias.com\/index.php\/wp-json\/wp\/v2\/types\/post"}],"author":[{"embeddable":true,"href":"https:\/\/cdnoticias.com\/index.php\/wp-json\/wp\/v2\/users\/6"}],"replies":[{"embeddable":true,"href":"https:\/\/cdnoticias.com\/index.php\/wp-json\/wp\/v2\/comments?post=53615"}],"version-history":[{"count":0,"href":"https:\/\/cdnoticias.com\/index.php\/wp-json\/wp\/v2\/posts\/53615\/revisions"}],"wp:featuredmedia":[{"embeddable":true,"href":"https:\/\/cdnoticias.com\/index.php\/wp-json\/wp\/v2\/media\/53616"}],"wp:attachment":[{"href":"https:\/\/cdnoticias.com\/index.php\/wp-json\/wp\/v2\/media?parent=53615"}],"wp:term":[{"taxonomy":"category","embeddable":true,"href":"https:\/\/cdnoticias.com\/index.php\/wp-json\/wp\/v2\/categories?post=53615"},{"taxonomy":"post_tag","embeddable":true,"href":"https:\/\/cdnoticias.com\/index.php\/wp-json\/wp\/v2\/tags?post=53615"}],"curies":[{"name":"wp","href":"https:\/\/api.w.org\/{rel}","templated":true}]}}