{"id":53593,"date":"2022-05-04T17:28:26","date_gmt":"2022-05-04T20:28:26","guid":{"rendered":"https:\/\/www.centraldenoticias.com.ar\/?p=53593"},"modified":"2022-05-04T17:28:26","modified_gmt":"2022-05-04T20:28:26","slug":"costa-y-aguilera-encabezaron-una-ronda-de-negocios-junto-a-mas-de-100-empresas-de-la-region","status":"publish","type":"post","link":"https:\/\/cdnoticias.com\/index.php\/2022\/05\/04\/costa-y-aguilera-encabezaron-una-ronda-de-negocios-junto-a-mas-de-100-empresas-de-la-region\/","title":{"rendered":"Costa y Aguilera encabezaron una ronda de negocios junto a m\u00e1s de 100 empresas de la regi\u00f3n"},"content":{"rendered":"<p>Tambi\u00e9n hubo representantes de la Uni\u00f3n Industrial de Olavarr\u00eda. \u201cLa convocatoria de este evento ha sido un \u00e9xito\u201d dijo Aguilera. <!--more--><\/p>\n<hr \/>\n<p>El ministro de Producci\u00f3n bonaerense, Augusto Costa, junto al subsecretario de Miner\u00eda, Federico Aguilera, y representantes de la Uni\u00f3n Industrial de Olavarr\u00eda encabezaron un e<strong>ncuentro junto a m\u00e1s de 100 empresarios y comerciantes de la regi\u00f3n. La actividad se desarroll\u00f3 en el club Pueblo Nuevo y fue catalogada de <em>\u201cexitosa\u201d.<\/em><\/strong><\/p>\n<p>&nbsp;<\/p>\n<p>En el inicio de la jornada, el ministro destac\u00f3 la importancia de estas mesas multisectoriales:<em> \u201cEl resultado de la convocatoria cumple con las expectativas para nosotros es una herramienta muy importante<strong>. Es fundamental que los funcionarios p\u00fablicos provinciales estemos presentes en el territorio conociendo las particularidades y brindando respuesta<\/strong>\u201d.<\/em><\/p>\n<p>&nbsp;<\/p>\n<p><img data-recalc-dims=\"1\" loading=\"lazy\" decoding=\"async\" class=\"alignnone size-full wp-image-53598\" src=\"https:\/\/i0.wp.com\/cdnoticias.com\/wp-content\/uploads\/2022\/05\/WhatsApp-Image-2022-05-04-at-3.02.52-PM.jpeg?resize=612%2C408&#038;ssl=1\" alt=\"\" width=\"612\" height=\"408\" srcset=\"https:\/\/i0.wp.com\/cdnoticias.com\/wp-content\/uploads\/2022\/05\/WhatsApp-Image-2022-05-04-at-3.02.52-PM.jpeg?w=612&amp;ssl=1 612w, https:\/\/i0.wp.com\/cdnoticias.com\/wp-content\/uploads\/2022\/05\/WhatsApp-Image-2022-05-04-at-3.02.52-PM.jpeg?resize=300%2C200&amp;ssl=1 300w, https:\/\/i0.wp.com\/cdnoticias.com\/wp-content\/uploads\/2022\/05\/WhatsApp-Image-2022-05-04-at-3.02.52-PM.jpeg?resize=272%2C182&amp;ssl=1 272w\" sizes=\"auto, (max-width: 612px) 100vw, 612px\" \/><\/p>\n<p>&nbsp;<\/p>\n<p><em>\u201cEl pedido del gobernador Kicillof es que estemos cerca de cada Pyme para conocer de primera mano las necesidades, propuestas y las demandas. Es importante que todos los elementos est\u00e9n a disposici\u00f3n, para fortalecer los parques industriales, <strong>generar herramientas de financiamiento desde el BAPRO y el FOGABA, en coordinaci\u00f3n con ARBA para trabajar en beneficios impositivos y pol\u00edticas para garantizar un desarrollo sostenible<\/strong>\u201d<\/em>, asegur\u00f3 el ministro Costa.<\/p>\n<p>&nbsp;<\/p>\n<p>Por su parte el Subsecretario de Miner\u00eda de la provincia, Federico Aguilera, agradeci\u00f3 la presencia del ministro y de las empresas que participan de la ronda de negocio: <em>\u201cEs un orgullo recibir al ministro Costa y a empresarios de la regi\u00f3n ac\u00e1 en Olavarr\u00eda,<strong> la convocatoria de este evento ha sido un \u00e9xito, esto demuestra la necesidad de estos encuentros para trabajar en distintas dimensiones desde la Provincia y articular las particularidades de cada regi\u00f3n y cada municipio<\/strong>\u201d.<\/em><\/p>\n<p>&nbsp;<\/p>\n<p><img data-recalc-dims=\"1\" loading=\"lazy\" decoding=\"async\" class=\"alignnone size-full wp-image-53600\" src=\"https:\/\/i0.wp.com\/cdnoticias.com\/wp-content\/uploads\/2022\/05\/WhatsApp-Image-2022-05-04-at-3.01.01-PM-1.jpeg?resize=800%2C488&#038;ssl=1\" alt=\"\" width=\"800\" height=\"488\" srcset=\"https:\/\/i0.wp.com\/cdnoticias.com\/wp-content\/uploads\/2022\/05\/WhatsApp-Image-2022-05-04-at-3.01.01-PM-1.jpeg?w=960&amp;ssl=1 960w, https:\/\/i0.wp.com\/cdnoticias.com\/wp-content\/uploads\/2022\/05\/WhatsApp-Image-2022-05-04-at-3.01.01-PM-1.jpeg?resize=300%2C183&amp;ssl=1 300w, https:\/\/i0.wp.com\/cdnoticias.com\/wp-content\/uploads\/2022\/05\/WhatsApp-Image-2022-05-04-at-3.01.01-PM-1.jpeg?resize=768%2C468&amp;ssl=1 768w\" sizes=\"auto, (max-width: 800px) 100vw, 800px\" \/><\/p>\n<p>&nbsp;<\/p>\n<p><em>\u201cEsta es la cuarta visita de Augusto Costa y su equipo a la ciudad, esto demuestra el compromiso del Gobernador con Olavarr\u00eda y la regi\u00f3n. En estos dos a\u00f1os y medio se dieron respuestas a demandas hist\u00f3ricas que ten\u00edan las pymes como son las escrituras del Parque Industrial y la inauguraci\u00f3n de la sede del BAPRO\u201d,<\/em> remarc\u00f3 Aguilera.<\/p>\n<p>&nbsp;<\/p>\n<p>De la misma forma, Aguilera plante\u00f3 qu<strong><em>e \u201ces importante que todos los empresarios tengan espacios para potenciar la producci\u00f3n, tenemos los recursos naturales y recurso humano con capacidad para llevar adelante los desaf\u00edos de Olavarr\u00eda y la regi\u00f3n\u201d.<\/em><\/strong><\/p>\n<p>&nbsp;<\/p>\n<p>Cabe remarcar que <strong>esta es la cuarta ronda de negocios que realiza la provincia y la primera que se lleva adelante en el interior bonaerense y se realizaron m\u00e1s de 259 entrevistas con empresas.<\/strong><\/p>\n<p>&nbsp;<\/p>\n<p>Adem\u00e1s del ministro Augustro Costa y el subsecretario Federico Aguilera, participaron del encuentro la subsecretaria de Industria y Pymes, Mariela Bembi; el Director Provincial de Desarrollo Territorial y Pymes; Ariel Aguilar; el presidente de la Uni\u00f3n Industrial de Olavarr\u00eda, C\u00e9sar Longo y el secretario de la entidad, Sergio Corso.<\/p>\n","protected":false},"excerpt":{"rendered":"<p>Tambi\u00e9n hubo representantes de la Uni\u00f3n Industrial de Olavarr\u00eda. \u201cLa convocatoria de este evento ha sido un \u00e9xito\u201d dijo Aguilera.<\/p>\n","protected":false},"author":2,"featured_media":53599,"comment_status":"closed","ping_status":"closed","sticky":false,"template":"","format":"standard","meta":{"_jetpack_memberships_contains_paid_content":false,"footnotes":""},"categories":[5,1],"tags":[],"class_list":["post-53593","post","type-post","status-publish","format-standard","has-post-thumbnail","hentry","category-informacion-general","category-portada"],"jetpack_featured_media_url":"https:\/\/i0.wp.com\/cdnoticias.com\/wp-content\/uploads\/2022\/05\/WhatsApp-Image-2022-05-04-at-3.01.10-PM.jpeg?fit=960%2C608&ssl=1","jetpack_sharing_enabled":true,"_links":{"self":[{"href":"https:\/\/cdnoticias.com\/index.php\/wp-json\/wp\/v2\/posts\/53593","targetHints":{"allow":["GET"]}}],"collection":[{"href":"https:\/\/cdnoticias.com\/index.php\/wp-json\/wp\/v2\/posts"}],"about":[{"href":"https:\/\/cdnoticias.com\/index.php\/wp-json\/wp\/v2\/types\/post"}],"author":[{"embeddable":true,"href":"https:\/\/cdnoticias.com\/index.php\/wp-json\/wp\/v2\/users\/2"}],"replies":[{"embeddable":true,"href":"https:\/\/cdnoticias.com\/index.php\/wp-json\/wp\/v2\/comments?post=53593"}],"version-history":[{"count":0,"href":"https:\/\/cdnoticias.com\/index.php\/wp-json\/wp\/v2\/posts\/53593\/revisions"}],"wp:featuredmedia":[{"embeddable":true,"href":"https:\/\/cdnoticias.com\/index.php\/wp-json\/wp\/v2\/media\/53599"}],"wp:attachment":[{"href":"https:\/\/cdnoticias.com\/index.php\/wp-json\/wp\/v2\/media?parent=53593"}],"wp:term":[{"taxonomy":"category","embeddable":true,"href":"https:\/\/cdnoticias.com\/index.php\/wp-json\/wp\/v2\/categories?post=53593"},{"taxonomy":"post_tag","embeddable":true,"href":"https:\/\/cdnoticias.com\/index.php\/wp-json\/wp\/v2\/tags?post=53593"}],"curies":[{"name":"wp","href":"https:\/\/api.w.org\/{rel}","templated":true}]}}