{"id":5357,"date":"2020-11-01T09:25:21","date_gmt":"2020-11-01T12:25:21","guid":{"rendered":"http:\/\/www.centraldenoticias.com.ar\/?p=5357"},"modified":"2020-11-01T09:25:21","modified_gmt":"2020-11-01T12:25:21","slug":"laura-cristina-eyler-de-olivan-q-e-p-d","status":"publish","type":"post","link":"https:\/\/cdnoticias.com\/index.php\/2020\/11\/01\/laura-cristina-eyler-de-olivan-q-e-p-d\/","title":{"rendered":"Laura Cristina Eyler de Oliv\u00e1n (Q.E.P.D.)"},"content":{"rendered":"<p>Falleci\u00f3 en Olavarr\u00eda a los 57 a\u00f1os. Su esposo Gustavo Ra\u00fal Oliv\u00e1n; sus hijos: Manuela, Juan Esteban y Augusto Santiago; sus hijos pol\u00edticos: Gisela Frasca y Paula Barraza; su madre Azucena Garc\u00eda; sus hermanos: Nora y M\u00f3nica Eyler; sus hermanos pol\u00edticos: Oscar Barboza y Luis G\u00f3mez; sus nietos: Indra Oliv\u00e1n y dem\u00e1s deudos participan su fallecimiento.<\/p>\n<p>Sus restos ser\u00e1n inhumados este domingo a las 10:30. Vecina de Sierras Bayas. Inspectora de Educaci\u00f3n del \u00c1rea de Psicolog\u00eda. Lic. en Trabajo Social.<\/p>\n","protected":false},"excerpt":{"rendered":"<p>Falleci\u00f3 en Olavarr\u00eda a los 57 a\u00f1os. Su esposo Gustavo Ra\u00fal Oliv\u00e1n; sus hijos: Manuela, Juan Esteban y Augusto Santiago;<\/p>\n","protected":false},"author":5,"featured_media":0,"comment_status":"closed","ping_status":"closed","sticky":false,"template":"","format":"standard","meta":{"_jetpack_memberships_contains_paid_content":false,"footnotes":""},"categories":[10],"tags":[],"class_list":["post-5357","post","type-post","status-publish","format-standard","hentry","category-necrologicas"],"jetpack_featured_media_url":"","jetpack_sharing_enabled":true,"_links":{"self":[{"href":"https:\/\/cdnoticias.com\/index.php\/wp-json\/wp\/v2\/posts\/5357","targetHints":{"allow":["GET"]}}],"collection":[{"href":"https:\/\/cdnoticias.com\/index.php\/wp-json\/wp\/v2\/posts"}],"about":[{"href":"https:\/\/cdnoticias.com\/index.php\/wp-json\/wp\/v2\/types\/post"}],"author":[{"embeddable":true,"href":"https:\/\/cdnoticias.com\/index.php\/wp-json\/wp\/v2\/users\/5"}],"replies":[{"embeddable":true,"href":"https:\/\/cdnoticias.com\/index.php\/wp-json\/wp\/v2\/comments?post=5357"}],"version-history":[{"count":0,"href":"https:\/\/cdnoticias.com\/index.php\/wp-json\/wp\/v2\/posts\/5357\/revisions"}],"wp:attachment":[{"href":"https:\/\/cdnoticias.com\/index.php\/wp-json\/wp\/v2\/media?parent=5357"}],"wp:term":[{"taxonomy":"category","embeddable":true,"href":"https:\/\/cdnoticias.com\/index.php\/wp-json\/wp\/v2\/categories?post=5357"},{"taxonomy":"post_tag","embeddable":true,"href":"https:\/\/cdnoticias.com\/index.php\/wp-json\/wp\/v2\/tags?post=5357"}],"curies":[{"name":"wp","href":"https:\/\/api.w.org\/{rel}","templated":true}]}}